{"id":4721,"date":"2022-08-24T13:47:20","date_gmt":"2022-08-24T13:47:20","guid":{"rendered":"https:\/\/krankenhauspfarramt.de\/index.php\/2022\/08\/24\/kirchensteuer-auf-energiepreispauschale-soll-den-von-der-energiepreiskrise-besonders-betroffenen-menschen-zugutekommen-ekd\/"},"modified":"2022-08-24T13:47:27","modified_gmt":"2022-08-24T13:47:27","slug":"kirchensteuer-auf-energiepreispauschale-soll-den-von-der-energiepreiskrise-besonders-betroffenen-menschen-zugutekommen-ekd","status":"publish","type":"post","link":"https:\/\/krankenhauspfarramt.de\/index.php\/2022\/08\/24\/kirchensteuer-auf-energiepreispauschale-soll-den-von-der-energiepreiskrise-besonders-betroffenen-menschen-zugutekommen-ekd\/","title":{"rendered":"Kirchensteuer auf Energiepreispauschale soll den von der Energiepreiskrise besonders betroffenen Menschen zugutekommen \u2013 EKD"},"content":{"rendered":"<p> <br \/>\n<\/p>\n<div id=\"\">\n<div class=\"article--meta article--meta__border clearfix\">\n<p>                                    <time datetime=\"24.08.2022 14:20\" class=\"article--time\">24.08.2022<\/time><\/p>\n<p>                                     <strong class=\"article--type primus--overline\">Pressemitteilung<\/strong><\/p>\n<picture class=\"article--source-image image\"><source srcset=\"https:\/\/www.ekd.de\/ekd_de\/ds_img\/assets\/20170622_ekd-Quellenlogo_141_rdax_423x118.png\"><!--<source srcset=\"\/ekd_de\/ds_img\/assets\/20170622_ekd-Quellenlogo_141_rdax_141x39.png 1x, \/ekd_de\/ds_img\/assets\/20170622_ekd-Quellenlogo_141_rdax_282x78.png 2x, https:\/\/www.ekd.de\/ekd_de\/ds_img\/assets\/20170622_ekd-Quellenlogo_141_rdax_423x118.png 3x\">--><\/p>\n<p>    <\/source><\/picture>\n<\/p><\/div>\n<h2 class=\"article--sub-headline primus--sub-headline\">Evangelische und katholische Kirche sprechen gemeinsame Empfehlung aus<\/h2>\n<\/p><\/div>\n<div id=\"\">\n<p>Der evangelischen und der katholischen Kirche ist es ein Anliegen, die im Zuge der Energiepreispauschale zus\u00e4tzlich entstehende Einnahme aus der Kirchensteuer zur Unterst\u00fctzung der von der Energiepreiskrise besonders betroffenen Menschen zu verwenden. Eine entsprechende Empfehlung haben die Evangelische Kirche in Deutschland (EKD) gemeinsam mit den Landeskirchen und die Deutsche Bischofskonferenz (DBK) an die f\u00fcr die Verwendung des Kirchensteueraufkommens zust\u00e4ndigen Gremien in den (Erz-)Di\u00f6zesen und Landeskirchen gegeben. Die Mittel sollen \u00fcber soziale Projekte oder Initiativen vor Ort den Menschen zugutekommen, gaben EKD und Deutsche Bischofskonferenz heute bekannt. Mit ihrer Empfehlung, die sich durch die Energiepreispauschale ergebende Kirchensteuereinnahme f\u00fcr die von der Energiepreiskrise besonders betroffenen Menschen und nicht f\u00fcr andere kirchliche Zwecke zu verwenden, wollen die evangelische und die katholische Kirche die Mittel unb\u00fcrokratisch zum Wohle der B\u00fcrgerinnen und B\u00fcrger einsetzen.<\/p>\n<p><em>Hintergrund: <\/em>Das am 27. Mai 2022 in Kraft getretene Steuerentlastungsgesetz 2022 sieht neben steuerlichen Entlastungsma\u00dfnahmen die sogenannte Energiepreispauschale vor. Sie bel\u00e4uft sich auf 300 Euro und soll eine Entlastung f\u00fcr die Menschen schaffen, die durch die aktuelle Energiepreisentwicklung stark belastet sind. Besch\u00e4ftigte sollen sie in den \u00fcberwiegenden F\u00e4llen im September 2022 \u00fcber die Arbeitgeber ausgezahlt bekommen. Dieser Auszahlungsweg wurde gew\u00e4hlt, weil es derzeit noch keinen Auszahlungsmechanismus gibt, um die Energiepreispauschale direkt an B\u00fcrgerinnen und B\u00fcrger auszuzahlen. Der Gesetzgeber hat sich aus Erw\u00e4gungen der sozialen Gerechtigkeit dazu entschieden, die Energiepreispauschale zwar sozialabgabenfrei, aber einkommensteuerpflichtig zu machen. Bei der Auszahlung der Energiepreispauschale wird so der pers\u00f6nlichen Leistungsf\u00e4higkeit der Empf\u00e4nger Rechnung getragen.<\/p>\n<p>Da die Kirchensteuer als Zuschlag zur Einkommensteuer erhoben wird, f\u00fchrt der vom Gesetzgeber gew\u00e4hlte Auszahlungsweg als steuerpflichtiges Einkommen \u00fcber die Arbeitgeber automatisch dazu, dass auf die vom Staat gew\u00e4hrte Energiepreispauschale auch Zuschlagsteuern und damit bei Kirchenmitgliedern auch Kirchensteuer anf\u00e4llt.<\/p>\n<p><span style=\"line-height:normal\">Hannover, 24. August 2022<\/span><\/p>\n<p class=\"EKDFlietext\"><span style=\"line-height:normal\">Pressestelle der EKD<\/span><br \/><span style=\"line-height:normal\">Carsten Splitt<\/span><\/p>\n<\/div>\n","protected":false},"excerpt":{"rendered":"<p>24.08.2022 Pressemitteilung Evangelische und katholische Kirche sprechen gemeinsame Empfehlung aus Der evangelischen und der katholischen Kirche ist es ein Anliegen,<\/p>\n","protected":false},"author":1,"featured_media":4722,"comment_status":"closed","ping_status":"closed","sticky":false,"template":"","format":"standard","meta":{"footnotes":""},"categories":[20],"tags":[],"_links":{"self":[{"href":"https:\/\/krankenhauspfarramt.de\/index.php\/wp-json\/wp\/v2\/posts\/4721"}],"collection":[{"href":"https:\/\/krankenhauspfarramt.de\/index.php\/wp-json\/wp\/v2\/posts"}],"about":[{"href":"https:\/\/krankenhauspfarramt.de\/index.php\/wp-json\/wp\/v2\/types\/post"}],"author":[{"embeddable":true,"href":"https:\/\/krankenhauspfarramt.de\/index.php\/wp-json\/wp\/v2\/users\/1"}],"replies":[{"embeddable":true,"href":"https:\/\/krankenhauspfarramt.de\/index.php\/wp-json\/wp\/v2\/comments?post=4721"}],"version-history":[{"count":1,"href":"https:\/\/krankenhauspfarramt.de\/index.php\/wp-json\/wp\/v2\/posts\/4721\/revisions"}],"predecessor-version":[{"id":4723,"href":"https:\/\/krankenhauspfarramt.de\/index.php\/wp-json\/wp\/v2\/posts\/4721\/revisions\/4723"}],"wp:featuredmedia":[{"embeddable":true,"href":"https:\/\/krankenhauspfarramt.de\/index.php\/wp-json\/wp\/v2\/media\/4722"}],"wp:attachment":[{"href":"https:\/\/krankenhauspfarramt.de\/index.php\/wp-json\/wp\/v2\/media?parent=4721"}],"wp:term":[{"taxonomy":"category","embeddable":true,"href":"https:\/\/krankenhauspfarramt.de\/index.php\/wp-json\/wp\/v2\/categories?post=4721"},{"taxonomy":"post_tag","embeddable":true,"href":"https:\/\/krankenhauspfarramt.de\/index.php\/wp-json\/wp\/v2\/tags?post=4721"}],"curies":[{"name":"wp","href":"https:\/\/api.w.org\/{rel}","templated":true}]}}