{"id":4724,"date":"2022-08-24T14:07:37","date_gmt":"2022-08-24T14:07:37","guid":{"rendered":"https:\/\/krankenhauspfarramt.de\/index.php\/2022\/08\/24\/16-08-2022-4-stuttgarter-weihnachtssingen-am-23-dezember-2022-im-gazi-stadion\/"},"modified":"2022-08-24T14:07:37","modified_gmt":"2022-08-24T14:07:37","slug":"16-08-2022-4-stuttgarter-weihnachtssingen-am-23-dezember-2022-im-gazi-stadion","status":"publish","type":"post","link":"https:\/\/krankenhauspfarramt.de\/index.php\/2022\/08\/24\/16-08-2022-4-stuttgarter-weihnachtssingen-am-23-dezember-2022-im-gazi-stadion\/","title":{"rendered":"16.08.2022 4. Stuttgarter Weihnachtssingen am 23. Dezember 2022 im GAZI-Stadion"},"content":{"rendered":"<p><img decoding=\"async\" src=\"https:\/\/www.elk-wue.de\/\" \/><\/p>\n<div id=\"c38116\">\n<header>\n<h2 class=\"b_is-headline\">4. Stuttgarter Weihnachtssingen am 23. Dezember 2022 im GAZI-Stadion<\/h2>\n<\/header>\n<p>Stuttgart. Seit dem fulminanten Start im Jahr 2019 hat das Stuttgarter Weihnachtssingen mehr als einen Aggregatzustand durchlaufen. In den letzten beiden Jahren konnte das Weihnachtssingen pandemiebedingt nur virtuell stattfinden. 2022 soll es nun endlich eine R\u00fcckkehr zur <strong>Pr\u00e4senz in hybrider Form im GAZI-Stadion<\/strong> geben.<\/p>\n<p>Das Stuttgarter Weihnachtssingen findet dieses Jahr am<\/p>\n<p><strong>Freitag, den 23. Dezember 2022, <\/strong><\/p>\n<p><strong>von 17:00 bis 19:00 Uhr statt.<\/strong><\/p>\n<p><strong>Hinweis:<\/strong> Nicht wie bisher am 4. Advent, um Terminkollisionen mit der FIFA Fu\u00dfball-Weltmeisterschaft Katar 2022 zu vermeiden.<\/p>\n<p><strong>Die Veranstaltung wird auch per Live Stream im Internet \u00fcbertragen.<\/strong><\/p>\n<p>Moderation &amp; Anleitung: Patrick Bopp (F\u00dcENF)<br \/>Musikalische Leitung: Landeskirchenmusikdirektor Matthias Hanke<br \/>Musik: Tobias Bodensiek (Bass) \/ Till M\u00fcller-Kray (Schlagzeug) \/ Blechbl\u00e4ser-Ensemble EJUS Brass unter der Leitung von Christof Schmidt<\/p>\n<p>Als Schirmherrin ist erneut Gerlinde Kretschmann angefragt.<\/p>\n<p>Das Stadionerlebnis wird erg\u00e4nzt durch einen Live Stream. Auf diese Weise k\u00f6nnen sich Interessierte und Organisationen wie Kirchengemeinden oder Ch\u00f6re und Sportvereine einklinken und das Weihnachtssingen als eigenes Event f\u00fcr ihre Mitglieder gestalten und streamen.<\/p>\n<p>Immer gleich bleibt dagegen die Grundidee, die es in wenigen Jahren fast schon zur Tradition gebracht hat: kurz vor Heiligabend gemeinsam Weihnachten herbeizusingen, \u00fcber alle Religions-, Generations- und sozialen Grenzen hinweg. \u201eVors\u00e4nger\u201c Patrick Bopp, bekannt von den F\u00dcENF, f\u00fchrt als humorvoller Zeremonienmeister am Klavier durch das vielf\u00e4ltige Programm aus Weihnachtsklassikern, Kinderliedern und Pop-Hits. Die Liedtexte zum Mitsingen werden auf die gro\u00dfe Leinwand projiziert bzw. im Live Stream eingeblendet.<\/p>\n<p>Veranstalter des 4. Stuttgarter Weihnachtssingens sind<br \/>die Evangelische Landeskirche in W\u00fcrttemberg. Die musikalische Leitung geschieht durch Landeskirchenmusikdirektor Matthias Hanke.<br \/>die Di\u00f6zese Rottenburg-Stuttgart und ihr DJK-Di\u00f6zesansportverband,<br \/>die Stuttgarter Kickers,\u00a0<br \/>das Evangelische Jugendwerk in W\u00fcrttemberg,\u00a0<br \/>das Amt f\u00fcr Sport und Bewegung der Landeshauptstadt Stuttgart<br \/>sowie die Rosenau-Lokalit\u00e4t &amp; B\u00fchne, Stuttgart.<\/p>\n<p>Mehr Informationen finden Sie unter: www.stuttgarter-weihnachtssingen.de<\/p>\n<p>Dan Peter<br \/>Sprecher der Landeskirche<\/p>\n<p><strong>Hinweise: <\/strong><\/p>\n<p>Druckf\u00e4hige Fotos finden Sie im Pressebereich unserer Homepage. Achten Sie dabei bitte auf die korrekte Angabe der Quelle.<\/p>\n<p><em>F\u00fcr Ihre Bildunterschriften<\/em><\/p>\n<p>Foto: Studio KD BUSCH<br \/>Kick-off f\u00fcr das 3. Stuttgarter Weihnachtssingen am 22. September 2021 \u2013 vor Ort im GAZI-Stadion<br \/>von links nach rechts: B\u00fcrgermeister Clemens Maier, Referat Sicherheit, Ordnung und Sport der Landeshauptstadt Stuttgart \u2013 Patrick Bopp, Zeremonienmeister und Vors\u00e4nger Stuttgarter Weihnachtssingen \u2013 Ulrich Heckel, Leiter des Dezernats Theologie, Gemeinde und weltweite Kirche der Evangelischen Landeskirche in W\u00fcrttemberg \u2013 Matthias Hanke, Landeskirchenmusikdirektor der Evangelischen Landeskirche in W\u00fcrttemberg \u2013 Frank Zeeb, Leitung Vorbereitungsteam Stuttgarter Weihnachtssingen<\/p>\n<p>Fotos Bernd Eidenm\u00fcller<br \/>1. Stuttgarter Weihnachtssingen 2019 Bild 1 &amp; Bild 2: Atmo im GAZi-Stadion<br \/>1. Stuttgarter Weihnachtssingen 2019 Bild 4: Patrick Bopp<br \/>1. Stuttgarter Weihnachtssingen 2019 Bild 6: Schirmherrin Gerlinde Kretschmann und Landeskirchenmusikdirektor Matthias Hanke<\/p>\n<p>Pressekontakt: Nicola Steller, steller@freie-pr.de, Tel. 07156-350616<\/p>\n<p>Veranstalterkontakte:<br \/>Frank Zeeb, Leitung Orga-Team Stuttgarter Weihnachtssingen, frank.zeeb@elk-wue.de, Tel. 0151-18788762<br \/>Philipp Gei\u00dfler, Sportbeauftragter der Evangelischen Landeskirche in W\u00fcrttemberg, Philipp.Geissler@elkw.de, Tel. 07333-8018404<\/p>\n<\/div>\n","protected":false},"excerpt":{"rendered":"<p>4. Stuttgarter Weihnachtssingen am 23. Dezember 2022 im GAZI-Stadion Stuttgart. Seit dem fulminanten Start im Jahr 2019 hat das Stuttgarter<\/p>\n","protected":false},"author":1,"featured_media":0,"comment_status":"closed","ping_status":"closed","sticky":false,"template":"","format":"standard","meta":{"footnotes":""},"categories":[21],"tags":[],"_links":{"self":[{"href":"https:\/\/krankenhauspfarramt.de\/index.php\/wp-json\/wp\/v2\/posts\/4724"}],"collection":[{"href":"https:\/\/krankenhauspfarramt.de\/index.php\/wp-json\/wp\/v2\/posts"}],"about":[{"href":"https:\/\/krankenhauspfarramt.de\/index.php\/wp-json\/wp\/v2\/types\/post"}],"author":[{"embeddable":true,"href":"https:\/\/krankenhauspfarramt.de\/index.php\/wp-json\/wp\/v2\/users\/1"}],"replies":[{"embeddable":true,"href":"https:\/\/krankenhauspfarramt.de\/index.php\/wp-json\/wp\/v2\/comments?post=4724"}],"version-history":[{"count":0,"href":"https:\/\/krankenhauspfarramt.de\/index.php\/wp-json\/wp\/v2\/posts\/4724\/revisions"}],"wp:attachment":[{"href":"https:\/\/krankenhauspfarramt.de\/index.php\/wp-json\/wp\/v2\/media?parent=4724"}],"wp:term":[{"taxonomy":"category","embeddable":true,"href":"https:\/\/krankenhauspfarramt.de\/index.php\/wp-json\/wp\/v2\/categories?post=4724"},{"taxonomy":"post_tag","embeddable":true,"href":"https:\/\/krankenhauspfarramt.de\/index.php\/wp-json\/wp\/v2\/tags?post=4724"}],"curies":[{"name":"wp","href":"https:\/\/api.w.org\/{rel}","templated":true}]}}