{"id":4731,"date":"2022-08-25T08:12:06","date_gmt":"2022-08-25T08:12:06","guid":{"rendered":"https:\/\/krankenhauspfarramt.de\/index.php\/2022\/08\/25\/mehreinnahmen-aus-energiepauschale-fuer-betroffene-einsetzen-ekd\/"},"modified":"2022-08-25T08:12:08","modified_gmt":"2022-08-25T08:12:08","slug":"mehreinnahmen-aus-energiepauschale-fuer-betroffene-einsetzen-ekd","status":"publish","type":"post","link":"https:\/\/krankenhauspfarramt.de\/index.php\/2022\/08\/25\/mehreinnahmen-aus-energiepauschale-fuer-betroffene-einsetzen-ekd\/","title":{"rendered":"Mehreinnahmen aus Energiepauschale f\u00fcr Betroffene einsetzen \u2013 EKD"},"content":{"rendered":"<p> <br \/>\n<\/p>\n<div>\n<p>Die mit dem September-Gehalt an Erwerbst\u00e4tige auszahlte Energiepauschale von 300 Euro ist einkommensteuerpflichtig, dadurch wird auch Kirchensteuer auf den Betrag f\u00e4llig. Die Kirchensteuer wird von allen einkommensteuerpflichtigen Kirchenmitgliedern als Zusatz zur Einkommens-, Lohn- oder Kapitalertragssteuer erhoben. Sie betr\u00e4gt in Bayern und Baden-W\u00fcrttemberg acht, in allen \u00fcbrigen Bundesl\u00e4ndern neun Prozent der entsprechend gezahlten Steuern.<\/p>\n<p>Die H\u00f6he der erwarteten zus\u00e4tzlichen Einnahmen wegen der Energiepreispauschale konnte die EKD zun\u00e4chst nicht beziffern. Die viertgr\u00f6\u00dfte evangelische Landeskirche in Westfalen sch\u00e4tzt die Mehreinnahmen auf f\u00fcnf Millionen Euro, die katholischen und evangelischen Kirchen in Niedersachsen und Bremen sprachen von einem niedrigen zweistelligen Millionenbetrag.<\/p>\n<p>\u201eMit ihrer Empfehlung, die sich durch die Energiepreispauschale ergebende Kirchensteuereinnahme f\u00fcr die von der Energiepreiskrise besonders betroffenen Menschen und nicht f\u00fcr andere kirchliche Zwecke zu verwenden, wollen die evangelische und die katholische Kirche die Mittel unb\u00fcrokratisch zum Wohle der B\u00fcrgerinnen und B\u00fcrger einsetzen\u201c, erkl\u00e4rten EKD und Bischofskonferenz.<\/p>\n<p>Die EKD gemeinsam mit den 20 evangelischen Landeskirchen und die katholische Bischofskonferenz gaben den Angaben zufolge eine entsprechende Empfehlung an die f\u00fcr die Verwendung des Kirchensteueraufkommens zust\u00e4ndigen Gremien in den (Erz-)Di\u00f6zesen und Landeskirchen. Die Evangelische Kirche von Westfalen erkl\u00e4rte, es biete sich an, das zus\u00e4tzliche Geld mit einem klaren Verwendungsauftrag dem Diakonischen Werk zur Verf\u00fcgung zu stellen. Auch in Niedersachsen und Bremen sollen die zus\u00e4tzlichen Mittel vollst\u00e4ndig \u00fcber Diakonie, Caritas und Kirchengemeinden den Menschen zugutekommen, \u201edie in Not geraten\u201c.<br \/>\u00a0<\/p>\n<\/p><\/div>\n","protected":false},"excerpt":{"rendered":"<p>Die mit dem September-Gehalt an Erwerbst\u00e4tige auszahlte Energiepauschale von 300 Euro ist einkommensteuerpflichtig, dadurch wird auch Kirchensteuer auf den Betrag<\/p>\n","protected":false},"author":1,"featured_media":4732,"comment_status":"closed","ping_status":"closed","sticky":false,"template":"","format":"standard","meta":{"footnotes":""},"categories":[20],"tags":[],"_links":{"self":[{"href":"https:\/\/krankenhauspfarramt.de\/index.php\/wp-json\/wp\/v2\/posts\/4731"}],"collection":[{"href":"https:\/\/krankenhauspfarramt.de\/index.php\/wp-json\/wp\/v2\/posts"}],"about":[{"href":"https:\/\/krankenhauspfarramt.de\/index.php\/wp-json\/wp\/v2\/types\/post"}],"author":[{"embeddable":true,"href":"https:\/\/krankenhauspfarramt.de\/index.php\/wp-json\/wp\/v2\/users\/1"}],"replies":[{"embeddable":true,"href":"https:\/\/krankenhauspfarramt.de\/index.php\/wp-json\/wp\/v2\/comments?post=4731"}],"version-history":[{"count":1,"href":"https:\/\/krankenhauspfarramt.de\/index.php\/wp-json\/wp\/v2\/posts\/4731\/revisions"}],"predecessor-version":[{"id":4733,"href":"https:\/\/krankenhauspfarramt.de\/index.php\/wp-json\/wp\/v2\/posts\/4731\/revisions\/4733"}],"wp:featuredmedia":[{"embeddable":true,"href":"https:\/\/krankenhauspfarramt.de\/index.php\/wp-json\/wp\/v2\/media\/4732"}],"wp:attachment":[{"href":"https:\/\/krankenhauspfarramt.de\/index.php\/wp-json\/wp\/v2\/media?parent=4731"}],"wp:term":[{"taxonomy":"category","embeddable":true,"href":"https:\/\/krankenhauspfarramt.de\/index.php\/wp-json\/wp\/v2\/categories?post=4731"},{"taxonomy":"post_tag","embeddable":true,"href":"https:\/\/krankenhauspfarramt.de\/index.php\/wp-json\/wp\/v2\/tags?post=4731"}],"curies":[{"name":"wp","href":"https:\/\/api.w.org\/{rel}","templated":true}]}}