{"id":4734,"date":"2022-08-25T16:41:02","date_gmt":"2022-08-25T16:41:02","guid":{"rendered":"https:\/\/krankenhauspfarramt.de\/index.php\/2022\/08\/25\/deutsche-delegation-bei-der-vollversammlung-des-oerk-2022-in-karlsruhe-ekd\/"},"modified":"2022-08-25T16:41:06","modified_gmt":"2022-08-25T16:41:06","slug":"deutsche-delegation-bei-der-vollversammlung-des-oerk-2022-in-karlsruhe-ekd","status":"publish","type":"post","link":"https:\/\/krankenhauspfarramt.de\/index.php\/2022\/08\/25\/deutsche-delegation-bei-der-vollversammlung-des-oerk-2022-in-karlsruhe-ekd\/","title":{"rendered":"Deutsche Delegation bei der Vollversammlung des \u00d6RK 2022 in Karlsruhe \u2013 EKD"},"content":{"rendered":"<p> <br \/>\n<\/p>\n<div>\n<p>Die Vollversammlung in Karlsruhe ist die elfte in der Geschichte des \u00d6RK. Die \u00d6RK-Vollversammlungen sind ein wichtiges Ereignis, an dem viele Repr\u00e4sentanten des Christentums aus aller Welt zusammenkommen. Hunderte Delegierte der Mitgliedskirchen und Tausende Besucher nehmen teil \u2013 darunter auch Vertreter*innen anderer Religionen.<\/p>\n<p>Die deutschen Delegierten sind:<\/p>\n<p>\u2022 Landessuperintendent Dietmar Arends (Lippische Landeskirche)<br \/>\u2022 Pr\u00f6pstin Dr. Christina-Maria Bammel (Evangelische Kirche Berlin-Brandenburg-schlesische Oberlausitz)<br \/>\u2022 Anneke Bargheer (Evangelisch-reformierte Kirche)\u00a0<br \/>\u2022 Landesbischof Prof. Dr. Heinrich Bedford-Strohm (Evangelisch-Lutherische Kirche in Bayern)\u00a0<br \/>\u2022 Christian Besau (Evangelische Landeskirche in Baden)\u00a0<br \/>\u2022 Bisch\u00f6fin Petra Bosse-Huber (EKD)\u00a0<br \/>\u2022 Kilian Deyerl (Evangelisch-Lutherische Kirche in Bayern)\u00a0<br \/>\u2022 Lydia Mirjam Fellmann (Evangelische Kirche in Mitteldeutschland)\u00a0<br \/>\u2022 Landesbischof Friedrich Kramer (Evangelische Kirche in Mitteldeutschland)\u00a0<br \/>\u2022 Landesbisch\u00f6fin Kristina K\u00fchnbaum-Schmidt (Evangelisch-Lutherische Kirche in\u00a0 \u00a0 \u00a0Norddeutschland)\u00a0<br \/>\u2022 Dr. Lubina Mahling (Evangelisch-Lutherische Landeskirche Sachsens)\u00a0<br \/>\u2022 K\u00e4the Schmidt (Evangelische Kirche im Rheinland)\u00a0<br \/>\u2022 Megan Louis Schuster (Evangelisch-Lutherische Landeskirche Sachsens)\u00a0<\/p>\n<p><em>Als Berater\/Beraterin:\u00a0<\/em><br \/>\u2022 Pfarrer Martin P\u00fchn (EKD)<br \/>\u2022 Pfarrerin Sabine Udodesku (EKD)<br \/>\u00a0<\/p>\n<\/p><\/div>\n","protected":false},"excerpt":{"rendered":"<p>Die Vollversammlung in Karlsruhe ist die elfte in der Geschichte des \u00d6RK. Die \u00d6RK-Vollversammlungen sind ein wichtiges Ereignis, an dem<\/p>\n","protected":false},"author":1,"featured_media":4606,"comment_status":"closed","ping_status":"closed","sticky":false,"template":"","format":"standard","meta":{"footnotes":""},"categories":[20],"tags":[],"_links":{"self":[{"href":"https:\/\/krankenhauspfarramt.de\/index.php\/wp-json\/wp\/v2\/posts\/4734"}],"collection":[{"href":"https:\/\/krankenhauspfarramt.de\/index.php\/wp-json\/wp\/v2\/posts"}],"about":[{"href":"https:\/\/krankenhauspfarramt.de\/index.php\/wp-json\/wp\/v2\/types\/post"}],"author":[{"embeddable":true,"href":"https:\/\/krankenhauspfarramt.de\/index.php\/wp-json\/wp\/v2\/users\/1"}],"replies":[{"embeddable":true,"href":"https:\/\/krankenhauspfarramt.de\/index.php\/wp-json\/wp\/v2\/comments?post=4734"}],"version-history":[{"count":1,"href":"https:\/\/krankenhauspfarramt.de\/index.php\/wp-json\/wp\/v2\/posts\/4734\/revisions"}],"predecessor-version":[{"id":4735,"href":"https:\/\/krankenhauspfarramt.de\/index.php\/wp-json\/wp\/v2\/posts\/4734\/revisions\/4735"}],"wp:featuredmedia":[{"embeddable":true,"href":"https:\/\/krankenhauspfarramt.de\/index.php\/wp-json\/wp\/v2\/media\/4606"}],"wp:attachment":[{"href":"https:\/\/krankenhauspfarramt.de\/index.php\/wp-json\/wp\/v2\/media?parent=4734"}],"wp:term":[{"taxonomy":"category","embeddable":true,"href":"https:\/\/krankenhauspfarramt.de\/index.php\/wp-json\/wp\/v2\/categories?post=4734"},{"taxonomy":"post_tag","embeddable":true,"href":"https:\/\/krankenhauspfarramt.de\/index.php\/wp-json\/wp\/v2\/tags?post=4734"}],"curies":[{"name":"wp","href":"https:\/\/api.w.org\/{rel}","templated":true}]}}