{"id":4736,"date":"2022-08-26T06:18:16","date_gmt":"2022-08-26T06:18:16","guid":{"rendered":"https:\/\/krankenhauspfarramt.de\/index.php\/2022\/08\/26\/die-weltkirchenrats-fahne-weht-ueber-dem-schloss-ekd\/"},"modified":"2022-08-26T06:18:17","modified_gmt":"2022-08-26T06:18:17","slug":"die-weltkirchenrats-fahne-weht-ueber-dem-schloss-ekd","status":"publish","type":"post","link":"https:\/\/krankenhauspfarramt.de\/index.php\/2022\/08\/26\/die-weltkirchenrats-fahne-weht-ueber-dem-schloss-ekd\/","title":{"rendered":"Die Weltkirchenrats-Fahne weht \u00fcber dem Schloss \u2013 EKD"},"content":{"rendered":"<p> <br \/>\n<\/p>\n<div>\n<p>Karlsruhe (epd). Eine f\u00fcnf Meter gro\u00dfe wei\u00dfe Fahne mit dem farbigen Logo des Weltkirchenrats weht seit Donnerstag auf dem Turm des Karlsruher Schlosses. Anl\u00e4sslich der \u00d6RK-Vollversammlung, die vom 31. August bis 8. September in Karlsruhe stattfindet, wurde sie an Stelle der sonst \u00fcblichen gelb-rot-gelben badischen Flagge gehisst. Zu der Veranstaltung unter dem Motto \u201eDie Liebe Christi bewegt, vers\u00f6hnt und eint die Welt\u201c werden mehr als 4.000 Christen aus 120 L\u00e4ndern weltweit erwartet.<\/p>\n<\/p><\/div>\n<div id=\"\">\n<p>Neun Tage lang w\u00fcrden die gro\u00dfen Themen, die die Welt bewegen, verhandelt, sagte die badische Landesbisch\u00f6fin Heike Springhart. Dazu geh\u00f6rten etwa der Klimawandel, die Themen Krieg und Frieden sowie Gerechtigkeit und Rassismus. Damit habe das \u00d6kumenetreffen \u201ezukunftsweisenden Charakter\u201c, so Springhart.<\/p>\n<p>Bei den Begegnungen mit Christen aus aller Welt erwartet Springhart kritische Auseinandersetzungen, hatte sie vorab dem Evangelischen Pressedienst (epd) gesagt. Als Beispiel nannte sie den Ukraine-Krieg. Wenn sich in Karlsruhe Menschen aus der russisch-orthodoxen Kirche und Kirchenvertreter aus der Ukraine treffen, m\u00fcsse Kritik klar benannt werden, forderte die Theologin.<\/p>\n<p>Kirchenvertreter wie der Moskauer Patriarch Kyrill, die kriegstreiberische Parolen predigen, h\u00e4tten sich vom Kern des Evangeliums entfernt. Trotzdem sei es wichtig, \u201emit allen im Gespr\u00e4ch\u201c zu bleiben. Auch wenn die Kirchen selbst keine Kriege beenden k\u00f6nnten, m\u00fcssten sie f\u00fcr den Frieden k\u00e4mpfen, beten und \u201emiteinander um konkrete Wege ringen, wie Vers\u00f6hnung gelingen kann\u201c.<br \/>Mit mehr als 250 \u00f6ffentlichen Veranstaltungen will sich Kirche in der Stadt pr\u00e4sentieren. Am Er\u00f6ffnungstag, am 31. August, werden etwa Bundespr\u00e4sident Frank-Walter Steinmeier und der baden-w\u00fcrttembergische Ministerpr\u00e4sident Winfried Kretschmann (Gr\u00fcne) erwartet. Bisch\u00f6fin Springhart wird bei mehreren Talkrunden auf dem Marktplatz mit dem Schauspieler Samuel Koch, dem Modedesigner Harald Gl\u00f6\u00f6ckler und Klimaaktivisten von \u201eFridays for Future\u201c sprechen.<br \/>\u00a0<\/p>\n<\/div>\n<div id=\"\">\n<p>Der Weltkirchenrat sei der weltweit gr\u00f6\u00dfte \u00f6kumenische Zusammenschluss, sagte Marianne Ejdersten, \u00d6RK-Kommunikationsdirektorin (Genf). Wie zur Zeit der Gr\u00fcndung des \u00d6RK 1948 gebe es heute \u00fcberall auf der Welt Fl\u00fcchtlingskrisen, Lebensmittelknappheit, Preissteigerungen, Kriege.<br \/>Allein die Tatsache, dass sich hier Menschen unterschiedlichster Kulturen und Religionen tr\u00e4fen, mache den Wert der Veranstaltung aus, sagte der Karlsruher Oberb\u00fcrgermeister Frank Mentrup (SPD). \u201eDie Vollversammlung hat die Chance, den aktuellen Diskussionen um die Weltpolitik, die Wirtschaft, den gesellschaftlichen und sozialen Zusammenhalt eine internationale und geistlich-spirituelle Dimension hinzuzuf\u00fcgen.\u201c<\/p>\n<p>Zur 11. Vollversammlung des Weltkirchenrates vom 31. August bis 8. September werden in Karlsruhe rund 4.500 G\u00e4ste aus 120 L\u00e4ndern erwartet. Sie vertreten rund 600 Millionen Christen von 352 Kirchen weltweit. Das Event findet etwa alle acht Jahre statt.<br \/>\u00a0<\/p>\n<\/div>\n","protected":false},"excerpt":{"rendered":"<p>Karlsruhe (epd). Eine f\u00fcnf Meter gro\u00dfe wei\u00dfe Fahne mit dem farbigen Logo des Weltkirchenrats weht seit Donnerstag auf dem Turm<\/p>\n","protected":false},"author":1,"featured_media":4737,"comment_status":"closed","ping_status":"closed","sticky":false,"template":"","format":"standard","meta":{"footnotes":""},"categories":[20],"tags":[],"_links":{"self":[{"href":"https:\/\/krankenhauspfarramt.de\/index.php\/wp-json\/wp\/v2\/posts\/4736"}],"collection":[{"href":"https:\/\/krankenhauspfarramt.de\/index.php\/wp-json\/wp\/v2\/posts"}],"about":[{"href":"https:\/\/krankenhauspfarramt.de\/index.php\/wp-json\/wp\/v2\/types\/post"}],"author":[{"embeddable":true,"href":"https:\/\/krankenhauspfarramt.de\/index.php\/wp-json\/wp\/v2\/users\/1"}],"replies":[{"embeddable":true,"href":"https:\/\/krankenhauspfarramt.de\/index.php\/wp-json\/wp\/v2\/comments?post=4736"}],"version-history":[{"count":1,"href":"https:\/\/krankenhauspfarramt.de\/index.php\/wp-json\/wp\/v2\/posts\/4736\/revisions"}],"predecessor-version":[{"id":4738,"href":"https:\/\/krankenhauspfarramt.de\/index.php\/wp-json\/wp\/v2\/posts\/4736\/revisions\/4738"}],"wp:featuredmedia":[{"embeddable":true,"href":"https:\/\/krankenhauspfarramt.de\/index.php\/wp-json\/wp\/v2\/media\/4737"}],"wp:attachment":[{"href":"https:\/\/krankenhauspfarramt.de\/index.php\/wp-json\/wp\/v2\/media?parent=4736"}],"wp:term":[{"taxonomy":"category","embeddable":true,"href":"https:\/\/krankenhauspfarramt.de\/index.php\/wp-json\/wp\/v2\/categories?post=4736"},{"taxonomy":"post_tag","embeddable":true,"href":"https:\/\/krankenhauspfarramt.de\/index.php\/wp-json\/wp\/v2\/tags?post=4736"}],"curies":[{"name":"wp","href":"https:\/\/api.w.org\/{rel}","templated":true}]}}