{"id":4744,"date":"2022-08-26T15:19:50","date_gmt":"2022-08-26T15:19:50","guid":{"rendered":"https:\/\/krankenhauspfarramt.de\/index.php\/2022\/08\/26\/weiser-ratgeber-in-christlicher-freiheit-und-evangelischer-verantwortung-ekd\/"},"modified":"2022-08-26T15:19:51","modified_gmt":"2022-08-26T15:19:51","slug":"weiser-ratgeber-in-christlicher-freiheit-und-evangelischer-verantwortung-ekd","status":"publish","type":"post","link":"https:\/\/krankenhauspfarramt.de\/index.php\/2022\/08\/26\/weiser-ratgeber-in-christlicher-freiheit-und-evangelischer-verantwortung-ekd\/","title":{"rendered":"Weiser Ratgeber in christlicher Freiheit und evangelischer Verantwortung \u2013 EKD"},"content":{"rendered":"<p> <br \/>\n<\/p>\n<div id=\"\">\n<div class=\"article--meta article--meta__border clearfix\">\n<p>                                    <time datetime=\"26.08.2022 13:00\" class=\"article--time\">26.08.2022<\/time><\/p>\n<p>                                     <strong class=\"article--type primus--overline\">Pressemitteilung<\/strong><\/p>\n<picture class=\"article--source-image image\"><source srcset=\"https:\/\/www.ekd.de\/ekd_de\/ds_img\/assets\/20170622_ekd-Quellenlogo_141_rdax_423x118.png\"><!--<source srcset=\"\/ekd_de\/ds_img\/assets\/20170622_ekd-Quellenlogo_141_rdax_141x39.png 1x, \/ekd_de\/ds_img\/assets\/20170622_ekd-Quellenlogo_141_rdax_282x78.png 2x, https:\/\/www.ekd.de\/ekd_de\/ds_img\/assets\/20170622_ekd-Quellenlogo_141_rdax_423x118.png 3x\">--><\/p>\n<p>    <\/source><\/picture>\n<\/p><\/div><\/div>\n<div id=\"\">\n<p><span style=\"line-height:110%\"><span style=\"line-height:110%\">Bischof i.R. Wolfgang Huber wurde heute in einem Festakt anl\u00e4sslich seines 80. Geburtstages in Berlin geehrt. Gemeinsam mit der EKD hatte die EKBO zu Andacht und Gru\u00dfworten in die Franz\u00f6sische Friedrichstadtkirche geladen.<\/span><\/span><\/p>\n<p><span style=\"line-height:115%\">\u201eEs sind Zeiten enormer gesellschaftlicher Herausforderungen, auch schon zu Deiner Amtszeit, in denen Du Dich stets als ein weiser Ratgeber erwiesen hast. Kirche, Religion und christliche Werte sind in der \u00d6ffentlichkeit nicht immer wohlgelittene Themen. Doch Du hast Dich nie gescheut, standfest Antwort zu geben, zu so entscheidenden ethischen Fragen wie die um Lebensanfang und Lebensende oder so umtreibenden wie die von Krieg und Frieden.\u201c Mit diesen Worten richtete sich Christian St\u00e4blein, Bischof der Evangelischen Kirche Berlin-Brandenburg-schlesische Oberlausitz (EKBO), in seiner Andacht an seinen Vorvorg\u00e4nger im Bischofsamt erst der <\/span>Evangelischen Kirche in Berlin-Brandenburg und seit der Fusion am 1. Januar 2004 der Evangelischen Kirche Berlin-Brandenburg-schlesische Oberlausitz<span style=\"line-height:115%\">.<\/span><\/p>\n<p><span style=\"line-height:115%\"><span style=\"line-height:115%\">Rund 180 G\u00e4ste, Wegbegleiterinnen und Wegbegleiter Hubers waren am Vormittag zu Andacht und Festakt in der Franz\u00f6sischen Friedrichstadtkirche erschienen. In ihrem Gru\u00dfwort w\u00fcrdigte die Ratsvorsitzende der Evangelischen Kirche in Deutschland (EKD), Annette Kurschus, den Jubilar und seinen Einsatz f\u00fcr Kirche und die Gesellschaft. \u201eBis heute schaust Du in christlicher Freiheit und evangelischer Verantwortung \u00fcber den kirchlichen Tellerrand hinaus &#8211; mitten hinein in die Welt, die Gottes Welt ist und bleibt. Und Du gibst Auskunft \u00fcber die gro\u00dfen Fragen des Glaubens in einer Leichtigkeit, die nur jemand aufbringen kann, der diese Fragen mit ehrlicher Leidenschaft bewegt und mit scharfem Intellekt durchdrungen hat.\u201c<\/span><\/span><\/p>\n<p><span style=\"line-height:115%\"><span style=\"line-height:115%\">Im Mittelpunkt stand die \u00dcbergabe einer Festschrift mit dem Titel \u201eKritische \u00f6ffentliche Theologie\u201c, die Prof. Dr. Torsten Meireis, Professor an der Theologischen Fakult\u00e4t der Humboldt-Universit\u00e4t zu Berlin und Inhaber des Lehrstuhls f\u00fcr <\/span><span style=\"line-height:115%\">Systematische\u00a0Theologie, Ethik und Hermeneutik dem Jubilar feierlich \u00fcbergab.<\/span><\/span><\/p>\n<p><span style=\"line-height:115%\"><span style=\"line-height:115%\">Saxophonistin Ruth Velten, Landeskirchenmusikdirektor Gunter Kennel an der Orgel und Landesposaunenwart Christian Syperek, Trompete, begleiteten den Festakt musikalisch. Im Anschluss luden EKBO und EKD die G\u00e4ste und Freunde des ehemaligen EKD-Ratsvorsitzenden und Bischof i.R. Wolfgang Huber zu einem inoffiziellen Empfang in den Casalis-Saal der Friedrichstadtkirche ein.<\/span><\/span><\/p>\n<p><span style=\"line-height:115%\"><span style=\"line-height:115%\">Berlin, 26. August 2022<\/span><\/span><\/p>\n<\/div>\n","protected":false},"excerpt":{"rendered":"<p>26.08.2022 Pressemitteilung Bischof i.R. Wolfgang Huber wurde heute in einem Festakt anl\u00e4sslich seines 80. Geburtstages in Berlin geehrt. Gemeinsam mit<\/p>\n","protected":false},"author":1,"featured_media":4693,"comment_status":"closed","ping_status":"closed","sticky":false,"template":"","format":"standard","meta":{"footnotes":""},"categories":[20],"tags":[],"_links":{"self":[{"href":"https:\/\/krankenhauspfarramt.de\/index.php\/wp-json\/wp\/v2\/posts\/4744"}],"collection":[{"href":"https:\/\/krankenhauspfarramt.de\/index.php\/wp-json\/wp\/v2\/posts"}],"about":[{"href":"https:\/\/krankenhauspfarramt.de\/index.php\/wp-json\/wp\/v2\/types\/post"}],"author":[{"embeddable":true,"href":"https:\/\/krankenhauspfarramt.de\/index.php\/wp-json\/wp\/v2\/users\/1"}],"replies":[{"embeddable":true,"href":"https:\/\/krankenhauspfarramt.de\/index.php\/wp-json\/wp\/v2\/comments?post=4744"}],"version-history":[{"count":1,"href":"https:\/\/krankenhauspfarramt.de\/index.php\/wp-json\/wp\/v2\/posts\/4744\/revisions"}],"predecessor-version":[{"id":4745,"href":"https:\/\/krankenhauspfarramt.de\/index.php\/wp-json\/wp\/v2\/posts\/4744\/revisions\/4745"}],"wp:featuredmedia":[{"embeddable":true,"href":"https:\/\/krankenhauspfarramt.de\/index.php\/wp-json\/wp\/v2\/media\/4693"}],"wp:attachment":[{"href":"https:\/\/krankenhauspfarramt.de\/index.php\/wp-json\/wp\/v2\/media?parent=4744"}],"wp:term":[{"taxonomy":"category","embeddable":true,"href":"https:\/\/krankenhauspfarramt.de\/index.php\/wp-json\/wp\/v2\/categories?post=4744"},{"taxonomy":"post_tag","embeddable":true,"href":"https:\/\/krankenhauspfarramt.de\/index.php\/wp-json\/wp\/v2\/tags?post=4744"}],"curies":[{"name":"wp","href":"https:\/\/api.w.org\/{rel}","templated":true}]}}