{"id":4761,"date":"2022-09-01T18:59:02","date_gmt":"2022-09-01T18:59:02","guid":{"rendered":"https:\/\/krankenhauspfarramt.de\/index.php\/2022\/09\/01\/kirchen-fuers-klima-ekd\/"},"modified":"2022-09-01T18:59:04","modified_gmt":"2022-09-01T18:59:04","slug":"kirchen-fuers-klima-ekd","status":"publish","type":"post","link":"https:\/\/krankenhauspfarramt.de\/index.php\/2022\/09\/01\/kirchen-fuers-klima-ekd\/","title":{"rendered":"Kirchen f\u00fcr\u2019s Klima \u2013 EKD"},"content":{"rendered":"<p> <br \/>\n<\/p>\n<div id=\"\">\n<p>Das \u00d6kumenische Netzwerk Klimagerechtigkeit hat im Jahr 2018 seine Arbeit aufgenommen. Schon davor waren evangelische und katholische Kirche beim Thema Klimagerechtigkeit aktiv. Doch der Zusammenschluss soll helfen, die Wirksamkeit des kirchlichen Engagements zu steigern. Denn auf diese Weise sind Institutionen besser vernetzt und k\u00f6nnen auf vielf\u00e4ltige Erfahrungen zur\u00fcckgreifen. Das B\u00fcndnis besteht mittlerweile aus rund einhundert kirchlichen Institutionen und hat zwei Gesch\u00e4ftsstellen: Eine ist angesiedelt in der Evangelisch-Lutherischen Kirche in Norddeutschland, eine weitere beim katholischen Hilfswerk Misereor in Berlin.<\/p>\n<h3>Die Theologie hinter dem Kampf f\u00fcr Klimagerechtigkeit<\/h3>\n<p>Neben Projekten und Unterst\u00fctzung vor Ort verfassen Institutionen des Netzwerks auch theologische Stellungnahmen und Positionspapiere zu aktuellen Fragen und Anl\u00e4ssen, die Klimagerechtigkeit betreffen. Monika Maria Schell, die Koordinatorin des Netzwerks vonseiten Misereors, sagte dazu in einem Interview: \u201eBei liturgischen und theologischen Grundsatzfragen gibt es bestimmt einige Unterschiede, aber im Einsatz f\u00fcr die Klimagerechtigkeit sind sich die gro\u00dfen Kirchen in Deutschland einig.\u201c Die Kirchen m\u00f6chten einm\u00fctig mit ihrer Stimme auch dazu beitragen, dass Menschen sich mit Klimagerechtigkeit und aktuellen Fragestellungen dazu auseinandersetzen \u2013 und das unter theologischen und ethischen Gesichtspunkten. Denn die christliche Perspektive nimmt Menschen in die Mitverantwortung f\u00fcr die Sch\u00f6pfung. Wie das in der heutigen Zeit konkret aussehen kann? Dazu bietet das Netzwerk Gedankenanst\u00f6\u00dfe, Konzepte und Material auf ihrer Website an. \u00a0\u00a0<\/p>\n<p>Die Evangelische Kirche in Deutschland hat beispielsweise im Sommer 2021 mit weiteren Veranstaltern eine Tagung unter dem Titel \u201eZukunft angesichts der \u00f6kologischen Krise? Theologie neu denken\u201c organisiert. Ruth G\u00fctter, Referentin f\u00fcr Nachhaltigkeit im Kirchenamt der EKD, sagte dazu: \u201eDie Welt ver\u00e4ndert sich rasant und es braucht auch theologische Antworten, wie wir mit der \u00f6kologischen Krise umgehen.\u201c Dabei standen folgende Fragen im Mittelpunkt: \u201eStimmen unsere Bilder und Erz\u00e4hlungen von Gott, vom Menschen, von der Mitsch\u00f6pfung noch? Muss das Verh\u00e4ltnis des Menschen zur Mitsch\u00f6pfung, das Verst\u00e4ndnis von S\u00fcnde und Erl\u00f6sung neu gedacht werden? Was k\u00f6nnen alte und neue theologische Vorstellungen dazu beitragen, die Gegenwart so mitzugestalten, dass eine gute Zukunft f\u00fcr alles Leben m\u00f6glich ist?\u201c Die Vortr\u00e4ge der Tagung enthalten Anregungen, damit sich auch jede*r pers\u00f6nlich mit diesen Fragen auseinandersetzen kann. Die Vortr\u00e4ge und auch weitere passende Beitr\u00e4ge sind in einem Sammelband erschienen und k\u00f6nnen nun auch auf der Website der EKD heruntergeladen werden.<\/p>\n<\/div>\n<div id=\"\">\n<p>    \t    <!-- SRC:  --><\/p>\n<aside class=\"article--aside quintus teaser teaser__related rs_skip rs_preserve\">\n<div class=\"teaser--article teaser--content\">\n<figure class=\"teaser--image\">\n                                    <picture><source media=\"(max-width:935px)\" srcset=\"https:\/\/www.ekd.de\/ekd_de\/ds_img\/assets_1875_x\/220514_Pixabay_vrediinka_Frau_Buch_Boot_1875x1056_rdax_625x352_60.jpg 1x, https:\/\/www.ekd.de\/ekd_de\/ds_img\/assets_1875_x\/220514_Pixabay_vrediinka_Frau_Buch_Boot_1875x1056_rdax_1250x704_60.jpg 2x, https:\/\/www.ekd.de\/ekd_de\/ds_img\/assets_1875_x\/220514_Pixabay_vrediinka_Frau_Buch_Boot_1875x1056_rdax_60.jpg 3x\"><source media=\"(min-width:934px)\" srcset=\"\/ekd_de\/ds_img\/assets_1875_x\/220514_Pixabay_vrediinka_Frau_Buch_Boot_1875x1056_rdax_360x203_70.jpg https:\/\/www.ekd.de\/1x,  https:\/\/www.ekd.de\/2x,  https:\/\/www.ekd.de\/3x\"><\/source><\/source><\/picture><figcaption\/>\n                                <\/figure>\n<p class=\"quintus--text teaser--text\">\u201e\u00d6kumene\u201c hei\u00dft \u00fcbersetzt \u201edie ganze bewohnte Erde\u201c und meint die Verbundenheit von Christinnen und Christen verschiedener Konfessionen. Diese Verbundenheit wird in Deutschland und weltweit gelebt \u2013 mit vielen inspirierenden Projekten zum Mit- und Nachmachen.<\/p>\n<\/p><\/div>\n<\/aside>\n<div class=\"article--content\">\n<h3>\u201eChurches for Future\u201c<\/h3>\n<p>Dass das \u00d6kumenische Netzwerk Klimagerechtigkeit Theologie und gesellschaftliche Fragen miteinander verbindet, zeigt sich auch besonders an dieser Initiative: Mitglieder des Netzwerks haben im April 2019 beschlossen, sich dem Anliegen der Jugendlichen von \u201eFridays for Future\u201c anzuschlie\u00dfen. Sie haben Gemeinden aufgerufen, f\u00fcr die jungen Menschen zu beten und vor Ort den Kontakt zu suchen, um herauszufinden, wie die Kirche sie im Einzelnen konkret unterst\u00fctzen kann.\u00a0 \u201eDen kommenden Generationen sollten zumindest gleich gute Umweltbedingungen und Ressourcen zur Verf\u00fcgung stehen wie uns\u201c, verk\u00fcndete das \u00d6NK. Seitdem unterst\u00fctzt \u201eChurches for Future\u201c unter anderem die von Fridays for Future organisierten Klimastreiks. Das Netzwerk bietet auf seiner Webseite umfangreiches Material an, wie Banner f\u00fcr Klima-Demonstrationen, Logos und Anregungen f\u00fcr Andachten.<\/p>\n<p>Welche Projekte in naher Zukunft auf dem Programm des \u00d6kumenischen Netzwerks f\u00fcr Klimagerechtigkeit stehen? Der Herbst l\u00e4dt ein, sich rund um das Erntedankfest grunds\u00e4tzlich mit der Sch\u00f6pfung auseinanderzusetzen. Die Nordkirche hat dazu ein Heft entwickelt, in dem Ideen f\u00fcr Andachten, Aktionen und Workshops zu finden sind. Aber auch nach dem Herbst wird das Engagement des Netzwerks weitergehen \u2013 vermutlich so lange, wie auch der Kampf um die Klimagerechtigkeit gehen wird.<\/p>\n<p style=\"text-align:right\">ekd.de\/Christine Keller<\/p>\n<\/p><\/div>\n<\/div>\n","protected":false},"excerpt":{"rendered":"<p>Das \u00d6kumenische Netzwerk Klimagerechtigkeit hat im Jahr 2018 seine Arbeit aufgenommen. Schon davor waren evangelische und katholische Kirche beim Thema<\/p>\n","protected":false},"author":1,"featured_media":4762,"comment_status":"closed","ping_status":"closed","sticky":false,"template":"","format":"standard","meta":{"footnotes":""},"categories":[20],"tags":[],"_links":{"self":[{"href":"https:\/\/krankenhauspfarramt.de\/index.php\/wp-json\/wp\/v2\/posts\/4761"}],"collection":[{"href":"https:\/\/krankenhauspfarramt.de\/index.php\/wp-json\/wp\/v2\/posts"}],"about":[{"href":"https:\/\/krankenhauspfarramt.de\/index.php\/wp-json\/wp\/v2\/types\/post"}],"author":[{"embeddable":true,"href":"https:\/\/krankenhauspfarramt.de\/index.php\/wp-json\/wp\/v2\/users\/1"}],"replies":[{"embeddable":true,"href":"https:\/\/krankenhauspfarramt.de\/index.php\/wp-json\/wp\/v2\/comments?post=4761"}],"version-history":[{"count":1,"href":"https:\/\/krankenhauspfarramt.de\/index.php\/wp-json\/wp\/v2\/posts\/4761\/revisions"}],"predecessor-version":[{"id":4763,"href":"https:\/\/krankenhauspfarramt.de\/index.php\/wp-json\/wp\/v2\/posts\/4761\/revisions\/4763"}],"wp:featuredmedia":[{"embeddable":true,"href":"https:\/\/krankenhauspfarramt.de\/index.php\/wp-json\/wp\/v2\/media\/4762"}],"wp:attachment":[{"href":"https:\/\/krankenhauspfarramt.de\/index.php\/wp-json\/wp\/v2\/media?parent=4761"}],"wp:term":[{"taxonomy":"category","embeddable":true,"href":"https:\/\/krankenhauspfarramt.de\/index.php\/wp-json\/wp\/v2\/categories?post=4761"},{"taxonomy":"post_tag","embeddable":true,"href":"https:\/\/krankenhauspfarramt.de\/index.php\/wp-json\/wp\/v2\/tags?post=4761"}],"curies":[{"name":"wp","href":"https:\/\/api.w.org\/{rel}","templated":true}]}}