{"id":4767,"date":"2022-09-07T09:57:50","date_gmt":"2022-09-07T09:57:50","guid":{"rendered":"https:\/\/krankenhauspfarramt.de\/index.php\/2022\/09\/07\/sechs-deutsche-in-oerk-zentralausschuss-gewaehlt-ekd\/"},"modified":"2022-09-07T09:57:51","modified_gmt":"2022-09-07T09:57:51","slug":"sechs-deutsche-in-oerk-zentralausschuss-gewaehlt-ekd","status":"publish","type":"post","link":"https:\/\/krankenhauspfarramt.de\/index.php\/2022\/09\/07\/sechs-deutsche-in-oerk-zentralausschuss-gewaehlt-ekd\/","title":{"rendered":"Sechs Deutsche in \u00d6RK-Zentralausschuss gew\u00e4hlt \u2013 EKD"},"content":{"rendered":"<p> <br \/>\n<\/p>\n<div>\n<p>Gew\u00e4hlt wurden zudem Lydia Mirjam Fellmann von der Evangelischen Kirche in Mitteldeutschland sowie Megan Louis Schuster und Lubina Mahling, beide von der Evangelisch-Lutherischen Landeskirche Sachsens. Als weiterer Deutscher best\u00e4tigt wurde Fernando Enns aus Hamburg von der Arbeitsgemeinschaft Mennonitischer Gemeinden in Deutschland.<\/p>\n<p>Der Zentralausschuss hat 150 Mitglieder und bildet zwischen den etwa alle acht Jahre tagenden Vollversammlungen das h\u00f6chste \u00d6RK-Leitungsgremium. Er f\u00fchrt die von der Vollversammlung angenommenen Richtlinien aus, pr\u00fcft und \u00fcberwacht die Programme und beschlie\u00dft den \u00d6RK-Haushalt. Die Tagung der Vollversammlung mit rund 3.000 Teilnehmern in Karlsruhe geht am Donnerstag zu Ende.<\/p>\n<p>Der neue 150-k\u00f6pfige Zentralausschuss setzt sich laut \u00d6RK zusammen aus 39 Prozent Frauen, 61 Prozent M\u00e4nnern, 9 Prozent Jugendlichen, 7 Prozent indigenen Menschen, 3 Prozent Menschen mit Behinderungen, 72 Prozent Ordinierten und 28 Prozent Laien. Ein 25-k\u00f6pfiger Exekutivausschuss, ein Moderator und zwei stellvertretende Moderatoren sollen im Laufe dieser Woche vom Zentralausschuss gew\u00e4hlt werden.<\/p>\n<hr\/>\n<p><em>An der neunt\u00e4gigen Weltkirchenkonferenz, die noch bis 8. September in Karlsruhe tagt, nehmen mehr als 3.000 G\u00e4ste aus aller Welt teil. Der \u00d6RK ist eine Gemeinschaft von 352 Kirchen, die weltweit \u00fcber 580 Millionen Christen vertreten. Die r\u00f6misch-katholische Kirche ist nicht Mitglied.<\/em><\/p>\n<\/p><\/div>\n","protected":false},"excerpt":{"rendered":"<p>Gew\u00e4hlt wurden zudem Lydia Mirjam Fellmann von der Evangelischen Kirche in Mitteldeutschland sowie Megan Louis Schuster und Lubina Mahling, beide<\/p>\n","protected":false},"author":1,"featured_media":4178,"comment_status":"closed","ping_status":"closed","sticky":false,"template":"","format":"standard","meta":{"footnotes":""},"categories":[20],"tags":[],"_links":{"self":[{"href":"https:\/\/krankenhauspfarramt.de\/index.php\/wp-json\/wp\/v2\/posts\/4767"}],"collection":[{"href":"https:\/\/krankenhauspfarramt.de\/index.php\/wp-json\/wp\/v2\/posts"}],"about":[{"href":"https:\/\/krankenhauspfarramt.de\/index.php\/wp-json\/wp\/v2\/types\/post"}],"author":[{"embeddable":true,"href":"https:\/\/krankenhauspfarramt.de\/index.php\/wp-json\/wp\/v2\/users\/1"}],"replies":[{"embeddable":true,"href":"https:\/\/krankenhauspfarramt.de\/index.php\/wp-json\/wp\/v2\/comments?post=4767"}],"version-history":[{"count":1,"href":"https:\/\/krankenhauspfarramt.de\/index.php\/wp-json\/wp\/v2\/posts\/4767\/revisions"}],"predecessor-version":[{"id":4768,"href":"https:\/\/krankenhauspfarramt.de\/index.php\/wp-json\/wp\/v2\/posts\/4767\/revisions\/4768"}],"wp:featuredmedia":[{"embeddable":true,"href":"https:\/\/krankenhauspfarramt.de\/index.php\/wp-json\/wp\/v2\/media\/4178"}],"wp:attachment":[{"href":"https:\/\/krankenhauspfarramt.de\/index.php\/wp-json\/wp\/v2\/media?parent=4767"}],"wp:term":[{"taxonomy":"category","embeddable":true,"href":"https:\/\/krankenhauspfarramt.de\/index.php\/wp-json\/wp\/v2\/categories?post=4767"},{"taxonomy":"post_tag","embeddable":true,"href":"https:\/\/krankenhauspfarramt.de\/index.php\/wp-json\/wp\/v2\/tags?post=4767"}],"curies":[{"name":"wp","href":"https:\/\/api.w.org\/{rel}","templated":true}]}}