{"id":4769,"date":"2022-09-07T14:02:35","date_gmt":"2022-09-07T14:02:35","guid":{"rendered":"https:\/\/krankenhauspfarramt.de\/index.php\/2022\/09\/07\/praeses-heinrich-fordert-freilassung-der-ueber-1300-politischen-gefangenen-in-belarus-ekd\/"},"modified":"2022-09-07T14:02:37","modified_gmt":"2022-09-07T14:02:37","slug":"praeses-heinrich-fordert-freilassung-der-ueber-1300-politischen-gefangenen-in-belarus-ekd","status":"publish","type":"post","link":"https:\/\/krankenhauspfarramt.de\/index.php\/2022\/09\/07\/praeses-heinrich-fordert-freilassung-der-ueber-1300-politischen-gefangenen-in-belarus-ekd\/","title":{"rendered":"Pr\u00e4ses Heinrich fordert Freilassung der \u00fcber 1300 politischen Gefangenen in Belarus \u2013 EKD"},"content":{"rendered":"<p> <br \/>\n<\/p>\n<div>\n<p><strong>Zum Hintergrund<\/strong><\/p>\n<p>Marfa Rabkova (*1995) war Koordinatorin der Freiwilligendienste beim belarussischen Menschenrechtszentrum Vjasna, einer Partnerorganisation der EKD. Sie ist neben Maria Kolesnikowa, Wiktar Babaryka, Maksim Znak und Sergej Tichanowskij eine der zentralen politischen Gefangenen in Belarus. Marfa Rabkova wurde am 17. September 2020 gemeinsam mit ihrem Mann verhaftet. Zun\u00e4chst wurde sie wegen Vorbereitung von Massenunruhen angeklagt, sp\u00e4ter kamen weitere Anklagen hinzu \u2013 u.a. wegen Mitgliedschaft in einer kriminellen Organisation, Anstiftung zu Massenunruhen, Volksverhetzung und Gef\u00e4hrdung der nationalen Sicherheit. Am 6. September wurde sie zu 15 Jahren Haft verurteilt, der bisher l\u00e4ngsten Gef\u00e4ngnisstrafe f\u00fcr Frau in einem politischen Prozess in Belarus. Sie leidet an gesundheitlichen Problemen, ihr wird ad\u00e4quate \u00e4rztliche Behandlung vorenthalten.<\/p>\n<p>Die EKD ruft gemeinsam mit der Deutschen Gesellschaft f\u00fcr Osteuropakunde (DGO) und der belarussischen Menschenrechtsorganisation Vjasna zur Solidarit\u00e4t mit allen Inhaftierten auf und setzt sich f\u00fcr ihre Freilassung ein.<\/p>\n<p>Auf der Aktionswebsite\u00a0www.100xSolidarit\u00e4t.de\u00a0sind die Namen und Schicksale der mehr als 1300 politischen Gefangenen in Belarus ver\u00f6ffentlicht \u2013 und es gibt die M\u00f6glichkeit, ihnen Briefe zu schicken. Unterst\u00fctzt wird die Aktion durch zahlreiche Pers\u00f6nlichkeiten des \u00f6ffentlichen Lebens\u00a0 in Deutschland, darunter der Philosoph J\u00fcrgen Habermas, die Literaturnobelpreistr\u00e4gerin Herta M\u00fcller, Ministerpr\u00e4sident Bodo Ramelow, die Publizistin Carolin Emcke, die Musikerin Anne-Sophie Mutter, der Regisseur Milo Rau, die Schriftstellerin Sibylle Berg und viele andere.<\/p>\n<\/p><\/div>\n","protected":false},"excerpt":{"rendered":"<p>Zum Hintergrund Marfa Rabkova (*1995) war Koordinatorin der Freiwilligendienste beim belarussischen Menschenrechtszentrum Vjasna, einer Partnerorganisation der EKD. Sie ist neben<\/p>\n","protected":false},"author":1,"featured_media":4770,"comment_status":"closed","ping_status":"closed","sticky":false,"template":"","format":"standard","meta":{"footnotes":""},"categories":[20],"tags":[],"_links":{"self":[{"href":"https:\/\/krankenhauspfarramt.de\/index.php\/wp-json\/wp\/v2\/posts\/4769"}],"collection":[{"href":"https:\/\/krankenhauspfarramt.de\/index.php\/wp-json\/wp\/v2\/posts"}],"about":[{"href":"https:\/\/krankenhauspfarramt.de\/index.php\/wp-json\/wp\/v2\/types\/post"}],"author":[{"embeddable":true,"href":"https:\/\/krankenhauspfarramt.de\/index.php\/wp-json\/wp\/v2\/users\/1"}],"replies":[{"embeddable":true,"href":"https:\/\/krankenhauspfarramt.de\/index.php\/wp-json\/wp\/v2\/comments?post=4769"}],"version-history":[{"count":1,"href":"https:\/\/krankenhauspfarramt.de\/index.php\/wp-json\/wp\/v2\/posts\/4769\/revisions"}],"predecessor-version":[{"id":4771,"href":"https:\/\/krankenhauspfarramt.de\/index.php\/wp-json\/wp\/v2\/posts\/4769\/revisions\/4771"}],"wp:featuredmedia":[{"embeddable":true,"href":"https:\/\/krankenhauspfarramt.de\/index.php\/wp-json\/wp\/v2\/media\/4770"}],"wp:attachment":[{"href":"https:\/\/krankenhauspfarramt.de\/index.php\/wp-json\/wp\/v2\/media?parent=4769"}],"wp:term":[{"taxonomy":"category","embeddable":true,"href":"https:\/\/krankenhauspfarramt.de\/index.php\/wp-json\/wp\/v2\/categories?post=4769"},{"taxonomy":"post_tag","embeddable":true,"href":"https:\/\/krankenhauspfarramt.de\/index.php\/wp-json\/wp\/v2\/tags?post=4769"}],"curies":[{"name":"wp","href":"https:\/\/api.w.org\/{rel}","templated":true}]}}