{"id":4781,"date":"2022-09-08T15:53:38","date_gmt":"2022-09-08T15:53:38","guid":{"rendered":"https:\/\/krankenhauspfarramt.de\/index.php\/2022\/09\/08\/ekd-ratsvorsitzende-und-praeses-der-synode-gratulieren-bedford-strohm-zur-wahl-des-moderators-des-oerk-zentralausschusses-ekd\/"},"modified":"2022-09-08T15:53:42","modified_gmt":"2022-09-08T15:53:42","slug":"ekd-ratsvorsitzende-und-praeses-der-synode-gratulieren-bedford-strohm-zur-wahl-des-moderators-des-oerk-zentralausschusses-ekd","status":"publish","type":"post","link":"https:\/\/krankenhauspfarramt.de\/index.php\/2022\/09\/08\/ekd-ratsvorsitzende-und-praeses-der-synode-gratulieren-bedford-strohm-zur-wahl-des-moderators-des-oerk-zentralausschusses-ekd\/","title":{"rendered":"EKD-Ratsvorsitzende und Pr\u00e4ses der Synode gratulieren Bedford-Strohm zur Wahl des Moderators des \u00d6RK-Zentralausschusses \u2013 EKD"},"content":{"rendered":"<p> <br \/>\n<\/p>\n<div id=\"\">\n<div class=\"article--meta article--meta__border clearfix\">\n<p>                                    <time datetime=\"08.09.2022 16:00\" class=\"article--time\">08.09.2022<\/time><\/p>\n<p>                                     <strong class=\"article--type primus--overline\">Pressemitteilung<\/strong><\/p>\n<picture class=\"article--source-image image\"><source srcset=\"https:\/\/www.ekd.de\/ekd_de\/ds_img\/assets\/20170622_ekd-Quellenlogo_141_rdax_423x118.png\"><!--<source srcset=\"\/ekd_de\/ds_img\/assets\/20170622_ekd-Quellenlogo_141_rdax_141x39.png 1x, \/ekd_de\/ds_img\/assets\/20170622_ekd-Quellenlogo_141_rdax_282x78.png 2x, https:\/\/www.ekd.de\/ekd_de\/ds_img\/assets\/20170622_ekd-Quellenlogo_141_rdax_423x118.png 3x\">--><\/p>\n<p>    <\/source><\/picture>\n<\/p><\/div>\n<h2 class=\"article--sub-headline primus--sub-headline\">Kurschus: \u201eSein Herz schl\u00e4gt f\u00fcr die weltweite \u00d6kumene\u201c<\/h2>\n<\/p><\/div>\n<div id=\"\">\n<p><span style=\"line-height:12.0pt\">Der bayerische Landesbischof Heinrich Bedford-Strohm ist heute bei der 11. Vollversammlung des \u00d6kumenischen Rates der Kirchen (\u00d6RK) in Karlsruhe zum Vorsitzenden des Zentralausschusses gew\u00e4hlt worden. Er folgt damit auf Agnes Aboum von der Anglikanischen Kirche von Kenia, die das Amt seit 2013 innehatte.<\/span><\/p>\n<p>Zwei Ziele will Bedford-Strohm in seiner Amtszeit besonders verfolgen: junge Menschen beteiligen, denn \u201ees kann nur der Sache des Weltkirchenrats nutzen, wenn sie ihre guten und kreativen Ideen einbringen.\u201c Und: angesichts der \u201eschrecklichen Spaltungen in der Welt, wo Menschen sich nicht mehr verstehen, nicht einmal mehr aufeinander h\u00f6ren, \u2018Salz der Erde\u2018 zu sein, indem wir es anders machen, andere Wege aus den Verh\u00e4rtungen finden\u2013 nicht auf Basis fauler Kompromisse, sondern auf der Basis unseres Glaubens an Jesus Christus, der eine klare Richtung hat\u201c, so der neu gew\u00e4hlte Vorsitzende des Zentralausschusses.<\/p>\n<p>Zu den ersten Gratulantinnen geh\u00f6rte die Vorsitzende des Rates der Evangelischen Kirche in Deutschland (EKD), Pr\u00e4ses Annette Kurschus: \u201eIch gratuliere Heinrich Bedford-Strohm von Herzen zu dieser neuen Aufgabe. Wir arbeiten seit Jahren in der EKD zusammen, und ich bin \u00fcberzeugt, dass er an dieser Stelle der Richtige ist. Er ist ein \u00dcberzeugungst\u00e4ter im besten Sinne dieses Wortes und steckt voller Energie. Sein Herz schl\u00e4gt f\u00fcr die weltweite \u00d6kumene. Das war w\u00e4hrend der vergangenen Tage in Karlsruhe einmal mehr deutlich zu sp\u00fcren.\u201c Zudem hob die Ratsvorsitzende die St\u00e4rken von Bedford-Strohm f\u00fcr das Amt des Moderators hervor: \u201eSeine gro\u00dfe St\u00e4rke ist es, Menschen miteinander zu verbinden. Wenn ihm eine Sache wichtig ist, wirbt er mit aller Leidenschaft im Dialog daf\u00fcr. Genau diese F\u00e4higkeiten braucht es in diesem Amt.\u201c<\/p>\n<p>Die Pr\u00e4ses der EKD-Synode, Anna-Nicole Heinrich, schloss den Gratulanten auf Instagram an: \u201eIch freue mich richtig \u00fcber die Wahl von Heinrich Bedford-Strohm zum Moderator. Ich wei\u00df, dass \u00d6kumene ein Herzensanliegen f\u00fcr ihn ist, dass er theologische und gesellschaftliche Debatten immer auch im globalen Kontext durchdenkt, dass er in jede Begegnung mit Offenheit und Neugier an der Perspektive seines Gegen\u00fcbers geht und dabei seine eigene klare Haltung formuliert. Deshalb bin ich richtig froh, dass er bereit ist, seine St\u00e4rken und Perspektive im \u00d6kumenischen Rat der Kirchen einzubringen. Ich kenne ihn als Person, die mit Leichtigkeit Menschen zusammenbringt, der es ein echtes Anliegen ist, Verantwortung an junge Menschen zu \u00fcbertragen, die unterschiedlichen Perspektiven zu Wort kommen zu lassen und nicht nur den Minimalkonsens zu finden. Seine Erfahrung und sein Wille zur Erneuerung sind ein echter Gewinn f\u00fcr den \u00d6RK.\u201c<\/p>\n<p>Der Zentralausschuss ist das h\u00f6chste Leitungsgremium des \u00d6RK zwischen dessen Vollversammlungen, die alle sieben Jahre stattfinden. Ihm geh\u00f6ren 150 Personen an. Er wird aus der Vollversammlung heraus gew\u00e4hlt, leitet die programmatische Arbeitet und f\u00fchrt die in der Vollversammlung angenommenen \u201eRichtlinien\u201c aus.<\/p>\n<p>Dem \u00d6RK geh\u00f6ren 352 Mitgliedskirchen an, die mehr als 580 Mio. Menschen in \u00fcber 120 L\u00e4ndern in allen Teilen der Welt vertreten.<\/p>\n<p class=\"EKDFlietext\"><span style=\"line-height:14pt\">Hannover, 8. September 2022<\/span><\/p>\n<p class=\"EKDFlietext\"><span style=\"line-height:14pt\">Pressestelle der EKD<\/span><br \/><span style=\"line-height:14pt\">Annika Lukas<\/span><\/p>\n<\/div>\n","protected":false},"excerpt":{"rendered":"<p>08.09.2022 Pressemitteilung Kurschus: \u201eSein Herz schl\u00e4gt f\u00fcr die weltweite \u00d6kumene\u201c Der bayerische Landesbischof Heinrich Bedford-Strohm ist heute bei der 11.<\/p>\n","protected":false},"author":1,"featured_media":4782,"comment_status":"closed","ping_status":"closed","sticky":false,"template":"","format":"standard","meta":{"footnotes":""},"categories":[20],"tags":[],"_links":{"self":[{"href":"https:\/\/krankenhauspfarramt.de\/index.php\/wp-json\/wp\/v2\/posts\/4781"}],"collection":[{"href":"https:\/\/krankenhauspfarramt.de\/index.php\/wp-json\/wp\/v2\/posts"}],"about":[{"href":"https:\/\/krankenhauspfarramt.de\/index.php\/wp-json\/wp\/v2\/types\/post"}],"author":[{"embeddable":true,"href":"https:\/\/krankenhauspfarramt.de\/index.php\/wp-json\/wp\/v2\/users\/1"}],"replies":[{"embeddable":true,"href":"https:\/\/krankenhauspfarramt.de\/index.php\/wp-json\/wp\/v2\/comments?post=4781"}],"version-history":[{"count":1,"href":"https:\/\/krankenhauspfarramt.de\/index.php\/wp-json\/wp\/v2\/posts\/4781\/revisions"}],"predecessor-version":[{"id":4783,"href":"https:\/\/krankenhauspfarramt.de\/index.php\/wp-json\/wp\/v2\/posts\/4781\/revisions\/4783"}],"wp:featuredmedia":[{"embeddable":true,"href":"https:\/\/krankenhauspfarramt.de\/index.php\/wp-json\/wp\/v2\/media\/4782"}],"wp:attachment":[{"href":"https:\/\/krankenhauspfarramt.de\/index.php\/wp-json\/wp\/v2\/media?parent=4781"}],"wp:term":[{"taxonomy":"category","embeddable":true,"href":"https:\/\/krankenhauspfarramt.de\/index.php\/wp-json\/wp\/v2\/categories?post=4781"},{"taxonomy":"post_tag","embeddable":true,"href":"https:\/\/krankenhauspfarramt.de\/index.php\/wp-json\/wp\/v2\/tags?post=4781"}],"curies":[{"name":"wp","href":"https:\/\/api.w.org\/{rel}","templated":true}]}}