{"id":4784,"date":"2022-09-08T19:55:48","date_gmt":"2022-09-08T19:55:48","guid":{"rendered":"https:\/\/krankenhauspfarramt.de\/index.php\/2022\/09\/08\/vollversammlung-des-oekumenischen-rates-der-kirchen-mit-gottesdienst-zu-ende-gegangen-ekd\/"},"modified":"2022-09-08T19:55:52","modified_gmt":"2022-09-08T19:55:52","slug":"vollversammlung-des-oekumenischen-rates-der-kirchen-mit-gottesdienst-zu-ende-gegangen-ekd","status":"publish","type":"post","link":"https:\/\/krankenhauspfarramt.de\/index.php\/2022\/09\/08\/vollversammlung-des-oekumenischen-rates-der-kirchen-mit-gottesdienst-zu-ende-gegangen-ekd\/","title":{"rendered":"Vollversammlung des \u00d6kumenischen Rates der Kirchen mit Gottesdienst zu Ende gegangen \u2013 EKD"},"content":{"rendered":"<p> <br \/>\n<\/p>\n<div id=\"\">\n<div class=\"article--meta article--meta__border clearfix\">\n<p>                                    <time datetime=\"08.09.2022 14:00\" class=\"article--time\">08.09.2022<\/time><\/p>\n<p>                                     <strong class=\"article--type primus--overline\">Pressemitteilung<\/strong><\/p>\n<picture class=\"article--source-image image\"><source srcset=\"https:\/\/www.ekd.de\/ekd_de\/ds_img\/assets\/20170622_ekd-Quellenlogo_141_rdax_423x118.png\"><!--<source srcset=\"\/ekd_de\/ds_img\/assets\/20170622_ekd-Quellenlogo_141_rdax_141x39.png 1x, \/ekd_de\/ds_img\/assets\/20170622_ekd-Quellenlogo_141_rdax_282x78.png 2x, https:\/\/www.ekd.de\/ekd_de\/ds_img\/assets\/20170622_ekd-Quellenlogo_141_rdax_423x118.png 3x\">--><\/p>\n<p>    <\/source><\/picture>\n<\/p><\/div>\n<h2 class=\"article--sub-headline primus--sub-headline\">EKD-Ratsvorsitzende Kurschus w\u00fcnscht sich starke Impulse und Hoffnungssignale, die ausgehen in die weltweite Christenheit<\/h2>\n<\/p><\/div>\n<div id=\"\">\n<p class=\"EKDFlietext\"><span style=\"line-height:14pt\">Heute ist die elfte Vollversammlung des \u00d6kumenischen Rates der Kirchen mit einem gemeinsamen Abschlussgottesdienst zu Ende gegangen. Vom 31. August bis 8. September 2022 waren rund 4000 internationale G\u00e4ste aus den 352 Mitgliedskirchen des \u00d6RK zu Gast in Karlsruhe, um unter dem Motto \u201eDie Liebe Christi bewegt, vers\u00f6hnt und eint die Welt\u201c gemeinsam dar\u00fcber nachzudenken, welchen Beitrag die Kirchen f\u00fcr eine friedliche und geeinte Gesellschaft einbringen k\u00f6nnen und welche Rolle sie f\u00fcr das gesellschaftliche Miteinander haben. Inhaltlich dominierten Themen wie der weltweite Klimawandel und der russische Angriffskrieg in der Ukraine die Vollversammlung. Zudem wurde die Forderung nach Frauen in geistlichen F\u00fchrungspositionen laut.<\/span><\/p>\n<p class=\"EKDFlietext\"><span style=\"line-height:14pt\">Die Ratsvorsitzende der Evangelischen Kirche in Deutschland (EKD), Pr\u00e4ses Annette Kurschus, hebt den \u00f6kumenischen Charakter der Veranstaltung hervor: \u201eDie Vielfalt wie auch die geistliche Verbundenheit der weltweiten Christenheit waren mit allen Sinnen zu sp\u00fcren und zu erleben. Ein Fest allein f\u00fcr die Augen: Kollarhemd, Soutane, Lutherrock, orthodoxe Kopfbedeckung, dazu ein buchst\u00e4blich glanzvolles Spektrum geistlicher Insignien aus mehr als 350 Kirchen \u2013 ein wunderbar buntes Bild der weltweiten Christenheit. Die Stadt Karlsruhe und die badische Landeskirche waren gro\u00dfartige Gastgeber. Im Herzen Europas und in der \u201eHauptstadt des Rechts\u201c hatte dieser Ort auch eine symbolische Kraft.\u201c Besonders wichtig sei f\u00fcr sie die Lern-Erfahrung, dass Menschen auf ein und dasselbe Ph\u00e4nomen aufgrund ihrer Geschichte, ihrer Kultur, ihrer konfessionellen Pr\u00e4gung und Tradition v\u00f6llig unterschiedlich blicken und dieselben Worte v\u00f6llig unterschiedlich h\u00f6ren: \u201eGerade die Stimme von unmittelbar Betroffenen hat ein besonderes Gewicht \u2013 das gilt f\u00fcr den Krieg in der Ukraine ebenso wie f\u00fcr die Konflikte im Nahen Osten, das gilt f\u00fcr den Klimawandel und viele andere aktuelle Themen. Meine eigene Sicht ist in vielen F\u00e4llen ein Blick von au\u00dfen, das d\u00fcrfen wir nie vergessen.\u201c F\u00fcr die Zukunft w\u00fcnscht sich die Ratsvorsitzende, \u201edass von dieser Vollversammlung starke Impulse und hoffnungsvolle Signale ausgehen in die weltweite Christenheit, f\u00fcr die Arbeit des \u00d6RK und mitten hinein in eine Welt, die voller Konflikte und tiefgreifender Krisen ist.\u201c <\/span><\/p>\n<p class=\"EKDFlietext\"><span style=\"line-height:14pt\">Die Landesbisch\u00f6fin der gastgebenden badischen Landeskirche, Heike Springhart, blickt gerne auf die vergangenen Tage zur\u00fcck: \u201eDie Vollversammlung war ein bewegendes Zeugnis davon, dass die christlichen Kirchen \u00fcber alle Divergenzen hinweg verbunden sind durch die Orientierung an Jesus Christus als Haupt und Herz der Kirchen. Das war sp\u00fcrbar in den Gottesdiensten und Andachten und hat auch auf die Region und die Stadt ausgestrahlt. Als Landesbisch\u00f6fin der gastgebenden Landeskirche bin ich sehr dankbar daf\u00fcr, dass mit der Vollversammlung die mitrei\u00dfende Weite der weltweiten Christenheit in unsere Region und nach Karlsruhe kam. Wir sind reich beschenkt worden und ich w\u00fcnsche mir, dass die Orientierung an der von Christus geschenkten Vers\u00f6hnung uns auch weiter auf die gro\u00dfen Fragen unserer Zeit ausrichtet. Sie hat ausgestrahlt in die Stadt, f\u00fcr deren Unterst\u00fctzung wir sehr dankbar sind.\u201c Besonders hervor hebt sie zudem den Aspekt der Vers\u00f6hnung: \u201eWir haben die Geschichten von Vers\u00f6hnung und die Leidenschaft f\u00fcr Recht und Gerechtigkeit geteilt. Mit der Erinnerung an die ausgestreckten H\u00e4nde zur Vers\u00f6hnung seitens der \u00f6kumenischen Weltgemeinschaft nach dem Zweiten Weltkrieg, die unter anderem in den Notkirchen konkret wurde, haben wir daran erinnert, dass Vers\u00f6hnung gelingen kann, wenn die Wunden und die Schuld nicht \u00fcbergangen werden. Von der Vollversammlung geht das klare Signal aus gegen Rassismus, Fremdenfeindlichkeit und Antisemitismus aus.\u201c<\/span><\/p>\n<p class=\"EKDFlietext\"><span style=\"line-height:14pt\">Die Auslandsbisch\u00f6fin der Evangelischen Kirche in Deutschland (EKD), Petra Bosse-Huber, zieht ein positives Fazit nach der \u00f6kumenischen Begegnung: \u201eWir haben ein gro\u00dfartiges internationales Fest des Glaubens in Karlsruhe gefeiert. Mit anr\u00fchrenden Begegnungen und inspirierenden Gottesdiensten und Gebetszeiten. Ich habe in diesen Tagen eines besonders stark erlebt: Es gibt eine neue Leidenschaft f\u00fcr das \u00f6kumenische Netzwerk der Kirchen weltweit. Vielleicht verdankt sich dieser neue \u00f6kumenische Ernst der klaren Erkenntnis vieler Kirchen, dass wir den globalen Krisen wie der Klimakrise, Rassismus oder der eskalierenden privaten und \u00f6ffentlichen Gewalt an so vielen Orten nur gemeinsam begegnen k\u00f6nnen.\u201c\u00a0 <\/span><\/p>\n<p class=\"EKDFlietext\"><span style=\"line-height:14pt\">F\u00fcr die EKD nahm eine 13-k\u00f6pfige Delegation teil. (https:\/\/www.ekd.de\/deutsche-delegation-bei-der-vollversammlung-des-oerk-2022-74749.htm) Aus dieser Delegation wurden Auslandsbisch\u00f6fin Petra Bosse-Huber (Hannover), Landesbischof Heinrich Bedford-Strohm (M\u00fcnchen), Lydia Mirjam Fellmann von der Evangelischen Kirche in Mitteldeutschland sowie Megan Louis Schuster und Lubina Mahling, beide von der Evangelisch-Lutherischen Landeskirche Sachsens in den Zentralausschuss gew\u00e4hlt. Der Zentralausschuss besteht aus insgesamt 150 Mitgliedern und bildet zwischen den etwa alle acht Jahre tagenden Vollversammlungen das h\u00f6chste \u00d6RK-Leitungsgremium. Er f\u00fchrt die von der Vollversammlung angenommenen Richtlinien aus, pr\u00fcft und \u00fcberwacht die Programme und beschlie\u00dft den \u00d6RK-Haushalt.<\/span><\/p>\n<p class=\"EKDFlietext\"><span style=\"line-height:14pt\">Hannover\/Karlsruhe, 8. September 2022<\/span><\/p>\n<p class=\"EKDFlietext\"><span style=\"line-height:14pt\">Pressestelle der EKD<\/span><br \/><span style=\"line-height:14pt\">Annika Lukas<\/span><\/p>\n<\/div>\n","protected":false},"excerpt":{"rendered":"<p>08.09.2022 Pressemitteilung EKD-Ratsvorsitzende Kurschus w\u00fcnscht sich starke Impulse und Hoffnungssignale, die ausgehen in die weltweite Christenheit Heute ist die elfte<\/p>\n","protected":false},"author":1,"featured_media":4785,"comment_status":"closed","ping_status":"closed","sticky":false,"template":"","format":"standard","meta":{"footnotes":""},"categories":[20],"tags":[],"_links":{"self":[{"href":"https:\/\/krankenhauspfarramt.de\/index.php\/wp-json\/wp\/v2\/posts\/4784"}],"collection":[{"href":"https:\/\/krankenhauspfarramt.de\/index.php\/wp-json\/wp\/v2\/posts"}],"about":[{"href":"https:\/\/krankenhauspfarramt.de\/index.php\/wp-json\/wp\/v2\/types\/post"}],"author":[{"embeddable":true,"href":"https:\/\/krankenhauspfarramt.de\/index.php\/wp-json\/wp\/v2\/users\/1"}],"replies":[{"embeddable":true,"href":"https:\/\/krankenhauspfarramt.de\/index.php\/wp-json\/wp\/v2\/comments?post=4784"}],"version-history":[{"count":1,"href":"https:\/\/krankenhauspfarramt.de\/index.php\/wp-json\/wp\/v2\/posts\/4784\/revisions"}],"predecessor-version":[{"id":4786,"href":"https:\/\/krankenhauspfarramt.de\/index.php\/wp-json\/wp\/v2\/posts\/4784\/revisions\/4786"}],"wp:featuredmedia":[{"embeddable":true,"href":"https:\/\/krankenhauspfarramt.de\/index.php\/wp-json\/wp\/v2\/media\/4785"}],"wp:attachment":[{"href":"https:\/\/krankenhauspfarramt.de\/index.php\/wp-json\/wp\/v2\/media?parent=4784"}],"wp:term":[{"taxonomy":"category","embeddable":true,"href":"https:\/\/krankenhauspfarramt.de\/index.php\/wp-json\/wp\/v2\/categories?post=4784"},{"taxonomy":"post_tag","embeddable":true,"href":"https:\/\/krankenhauspfarramt.de\/index.php\/wp-json\/wp\/v2\/tags?post=4784"}],"curies":[{"name":"wp","href":"https:\/\/api.w.org\/{rel}","templated":true}]}}