{"id":4787,"date":"2022-09-09T11:56:57","date_gmt":"2022-09-09T11:56:57","guid":{"rendered":"https:\/\/krankenhauspfarramt.de\/index.php\/2022\/09\/09\/weltoekumene-gipfel-endet-mit-appell-fuer-mehr-klimaschutz-ekd\/"},"modified":"2022-09-09T11:56:59","modified_gmt":"2022-09-09T11:56:59","slug":"weltoekumene-gipfel-endet-mit-appell-fuer-mehr-klimaschutz-ekd","status":"publish","type":"post","link":"https:\/\/krankenhauspfarramt.de\/index.php\/2022\/09\/09\/weltoekumene-gipfel-endet-mit-appell-fuer-mehr-klimaschutz-ekd\/","title":{"rendered":"Welt\u00f6kumene-Gipfel endet mit Appell f\u00fcr mehr Klimaschutz \u2013 EKD"},"content":{"rendered":"<p> <br \/>\n<\/p>\n<div>\n<p>Der 150-k\u00f6pfige Zentralausschuss ist das h\u00f6chste Leitungsgremium des \u00d6RK in der Zeit zwischen den alle acht Jahre stattfindenden Vollversammlungen. Der Zentralausschuss w\u00e4hlte laut \u00d6RK auch zwei stellvertretende Vorsitzende: Merlyn Hyde Riley von der Jamaica Baptist Union und Erzbischof Vicken Aykazian von der Armenischen Apostolischen Kirche.<\/p>\n<p>Ein zentrales Thema der Tagung war der Ukraine-Konflikt. Zum Abschluss verurteilten die Delegierten den russischen Angriffskrieg gegen die Ukraine scharf. Krieg sei mit dem Wesen Gottes unvereinbar. Der Weltkirchenrat rief zum Abschluss auch zu einem gerechten Frieden im Nahen Osten auf: \u201eWir sind der Meinung, dass nur durch ein Ende der Besatzung und eine gerechte, umfassende und dauerhafte Friedensregelung die Sicherheit sowohl der Pal\u00e4stinenser als auch der Israelis gew\u00e4hrleistet werden kann\u201c, hei\u00dft es in einer verabschiedeten Erkl\u00e4rung.<\/p>\n<p>Zum Klimawandel hie\u00df es, Politik und Gesellschaft m\u00fcsse dem Klimanotstand in Wort und Tat Priorit\u00e4t einr\u00e4umen. Zudem sei eine gr\u00f6\u00dfere Solidarit\u00e4t und Gerechtigkeit mit denjenigen Menschen n\u00f6tig, die am st\u00e4rksten unter der Klimazerst\u00f6rung leiden. \u201eWir m\u00fcssen von unserem fortgesetzten menschlichen Egoismus umkehren\u201c, hei\u00dft es einer Erkl\u00e4rung.<\/p>\n<p>In dem Statement wird von Politik und Gesellschaft ein schnellerer \u00dcbergang zu erneuerbaren Energiequellen gefordert, eine Reduzierung der Emissionen, der Schutz der \u00d6kosysteme sowie das \u201eMenschenrecht auf eine saubere, gesunde und nachhaltige Umwelt\u201c. Besonders indigene V\u00f6lker seien mit den direkten Folgen des Klimawandels konfrontiert.<\/p>\n<p>Die 11. Vollversammlung des \u00d6kumenischen Rates der Kirchen (\u00d6RK) endete am Donnerstagnachmittag. Auf der neunt\u00e4gigen Versammlung trafen sich die Delegierten und mehr als 2.000 weitere Teilnehmer aus allen Regionen der Welt zum Thema \u201eDie Liebe Christi bewegt, vers\u00f6hnt und eint die Welt\u201c. Der Weltkirchenrat repr\u00e4sentiert rund 580 Millionen Christen, die r\u00f6misch-katholische Kirche ist nicht Mitglied.<\/p>\n<\/p><\/div>\n","protected":false},"excerpt":{"rendered":"<p>Der 150-k\u00f6pfige Zentralausschuss ist das h\u00f6chste Leitungsgremium des \u00d6RK in der Zeit zwischen den alle acht Jahre stattfindenden Vollversammlungen. Der<\/p>\n","protected":false},"author":1,"featured_media":4788,"comment_status":"closed","ping_status":"closed","sticky":false,"template":"","format":"standard","meta":{"footnotes":""},"categories":[20],"tags":[],"_links":{"self":[{"href":"https:\/\/krankenhauspfarramt.de\/index.php\/wp-json\/wp\/v2\/posts\/4787"}],"collection":[{"href":"https:\/\/krankenhauspfarramt.de\/index.php\/wp-json\/wp\/v2\/posts"}],"about":[{"href":"https:\/\/krankenhauspfarramt.de\/index.php\/wp-json\/wp\/v2\/types\/post"}],"author":[{"embeddable":true,"href":"https:\/\/krankenhauspfarramt.de\/index.php\/wp-json\/wp\/v2\/users\/1"}],"replies":[{"embeddable":true,"href":"https:\/\/krankenhauspfarramt.de\/index.php\/wp-json\/wp\/v2\/comments?post=4787"}],"version-history":[{"count":1,"href":"https:\/\/krankenhauspfarramt.de\/index.php\/wp-json\/wp\/v2\/posts\/4787\/revisions"}],"predecessor-version":[{"id":4789,"href":"https:\/\/krankenhauspfarramt.de\/index.php\/wp-json\/wp\/v2\/posts\/4787\/revisions\/4789"}],"wp:featuredmedia":[{"embeddable":true,"href":"https:\/\/krankenhauspfarramt.de\/index.php\/wp-json\/wp\/v2\/media\/4788"}],"wp:attachment":[{"href":"https:\/\/krankenhauspfarramt.de\/index.php\/wp-json\/wp\/v2\/media?parent=4787"}],"wp:term":[{"taxonomy":"category","embeddable":true,"href":"https:\/\/krankenhauspfarramt.de\/index.php\/wp-json\/wp\/v2\/categories?post=4787"},{"taxonomy":"post_tag","embeddable":true,"href":"https:\/\/krankenhauspfarramt.de\/index.php\/wp-json\/wp\/v2\/tags?post=4787"}],"curies":[{"name":"wp","href":"https:\/\/api.w.org\/{rel}","templated":true}]}}