{"id":4799,"date":"2022-09-15T17:18:14","date_gmt":"2022-09-15T17:18:14","guid":{"rendered":"https:\/\/krankenhauspfarramt.de\/index.php\/2022\/09\/15\/gospelchor-hannover-bereitet-auftritt-beim-gospelkirchentag-vor-ekd\/"},"modified":"2022-09-15T17:18:16","modified_gmt":"2022-09-15T17:18:16","slug":"gospelchor-hannover-bereitet-auftritt-beim-gospelkirchentag-vor-ekd","status":"publish","type":"post","link":"https:\/\/krankenhauspfarramt.de\/index.php\/2022\/09\/15\/gospelchor-hannover-bereitet-auftritt-beim-gospelkirchentag-vor-ekd\/","title":{"rendered":"Gospelchor Hannover bereitet Auftritt beim Gospelkirchentag vor \u2013 EKD"},"content":{"rendered":"<p> <br \/>\n<\/p>\n<div>\n<p>Damit die S\u00e4ngerinnen und S\u00e4nger auch zu Hause \u00fcben, nimmt Jan Meyer die einzelnen Gesangsstimmen auf, au\u00dferdem schneiden einige Chormitglieder sie in den Proben auf ihren Tablets mit. Entsprechend schnell probt Meyer mit dem Chor die St\u00fccke. Manchmal verbessert er die Aussprache einzelner W\u00f6rter, oft die Balance in den Stimmen: \u201eHier d\u00fcrft ihr schmieren, was das Zeug h\u00e4lt\u201c, \u201eein bisschen feiernder und weniger milit\u00e4risch\u201c, \u201erichtig sch\u00f6n poppig bitte\u201c. Bei einem Lied ist zu h\u00f6ren, dass nicht alle S\u00e4ngerinnen und S\u00e4nger ge\u00fcbt haben. \u201eBitte kommuniziert das dann wenigstens vorher\u201c, fordert Meyer.<\/p>\n<p>Er ist nicht nur Kantor der Gospelkirchengemeinde, sondern auch Gospelreferent der evangelischen Landeskirche, parallel promoviert er zu Gospelch\u00f6ren und religi\u00f6ser Bildung. Gospel habe ihn erst nach seinem Kirchenmusikstudium in den Bann gezogen: \u201e&#8217;Dann habe ich vom einen auf den anderen Tag nur noch Gospel statt Bach geh\u00f6rt\u201c, sagt Meyer, der auch den Gospelkirchentag mitorganisiert.<\/p>\n<p>W\u00e4hrend der Corona-Kontaktbeschr\u00e4nkungen haben sich seine Ch\u00f6re \u00fcber Zoom zu Proben, Spielen und Gespr\u00e4chen getroffen. Das sei vielerorts leider nicht so gewesen: \u201eViele Ch\u00f6re kommen jetzt erst wieder so langsam in Gang.\u201c Vor allem deshalb sei die Zahl der Teilnehmenden am Gospelkirchentag von fr\u00fcher rund 5.000 auf jetzt knapp 3.000 zur\u00fcckgegangen &#8211; das Programm sei dennoch so bunt und umfangreich wie immer. Meyer ist zuversichtlich, dass der n\u00e4chste Gospelkirchentag mit Aufbauarbeit in den Ch\u00f6ren, einzelnen Projekten und digitalen Probenm\u00f6glichkeiten wieder gr\u00f6\u00dfer wird: \u201eWir m\u00fcssen jetzt f\u00fcr das sch\u00f6nste Hobby der Welt werben.\u201c<br \/>\u00a0<\/p>\n<\/p><\/div>\n","protected":false},"excerpt":{"rendered":"<p>Damit die S\u00e4ngerinnen und S\u00e4nger auch zu Hause \u00fcben, nimmt Jan Meyer die einzelnen Gesangsstimmen auf, au\u00dferdem schneiden einige Chormitglieder<\/p>\n","protected":false},"author":1,"featured_media":4800,"comment_status":"closed","ping_status":"closed","sticky":false,"template":"","format":"standard","meta":{"footnotes":""},"categories":[20],"tags":[],"_links":{"self":[{"href":"https:\/\/krankenhauspfarramt.de\/index.php\/wp-json\/wp\/v2\/posts\/4799"}],"collection":[{"href":"https:\/\/krankenhauspfarramt.de\/index.php\/wp-json\/wp\/v2\/posts"}],"about":[{"href":"https:\/\/krankenhauspfarramt.de\/index.php\/wp-json\/wp\/v2\/types\/post"}],"author":[{"embeddable":true,"href":"https:\/\/krankenhauspfarramt.de\/index.php\/wp-json\/wp\/v2\/users\/1"}],"replies":[{"embeddable":true,"href":"https:\/\/krankenhauspfarramt.de\/index.php\/wp-json\/wp\/v2\/comments?post=4799"}],"version-history":[{"count":1,"href":"https:\/\/krankenhauspfarramt.de\/index.php\/wp-json\/wp\/v2\/posts\/4799\/revisions"}],"predecessor-version":[{"id":4801,"href":"https:\/\/krankenhauspfarramt.de\/index.php\/wp-json\/wp\/v2\/posts\/4799\/revisions\/4801"}],"wp:featuredmedia":[{"embeddable":true,"href":"https:\/\/krankenhauspfarramt.de\/index.php\/wp-json\/wp\/v2\/media\/4800"}],"wp:attachment":[{"href":"https:\/\/krankenhauspfarramt.de\/index.php\/wp-json\/wp\/v2\/media?parent=4799"}],"wp:term":[{"taxonomy":"category","embeddable":true,"href":"https:\/\/krankenhauspfarramt.de\/index.php\/wp-json\/wp\/v2\/categories?post=4799"},{"taxonomy":"post_tag","embeddable":true,"href":"https:\/\/krankenhauspfarramt.de\/index.php\/wp-json\/wp\/v2\/tags?post=4799"}],"curies":[{"name":"wp","href":"https:\/\/api.w.org\/{rel}","templated":true}]}}