{"id":4802,"date":"2022-09-15T21:28:34","date_gmt":"2022-09-15T21:28:34","guid":{"rendered":"https:\/\/krankenhauspfarramt.de\/index.php\/2022\/09\/15\/kirchliche-friedensbewegungen-kritisieren-lage-an-eu-aussengrenzen-ekd\/"},"modified":"2022-09-15T21:28:36","modified_gmt":"2022-09-15T21:28:36","slug":"kirchliche-friedensbewegungen-kritisieren-lage-an-eu-aussengrenzen-ekd","status":"publish","type":"post","link":"https:\/\/krankenhauspfarramt.de\/index.php\/2022\/09\/15\/kirchliche-friedensbewegungen-kritisieren-lage-an-eu-aussengrenzen-ekd\/","title":{"rendered":"Kirchliche Friedensbewegungen kritisieren Lage an EU-Au\u00dfengrenzen \u2013 EKD"},"content":{"rendered":"<p> <br \/>\n<\/p>\n<div>\n<p>Bonn (epd). Die Evangelische Arbeitsgemeinschaft f\u00fcr Kriegsdienstverweigerung und Frieden (EAK) sowie die katholische Friedensbewegung Pax Christi kritisieren ein \u201eSystem der Abschottung Europas\u201c und eine \u201ezunehmende Militarisierung\u201c an den EU-Au\u00dfengrenzen. \u201eDirekt vor unserer Haust\u00fcr herrscht gro\u00dfes Elend\u201c, sagte der Friedensbeauftragte des Rates der Evangelischen Kirche in Deutschland (EKD), Landesbischof Friedrich Kramer, am Donnerstag in Bonn.<\/p>\n<\/p><\/div>\n<div id=\"\">\n<p>Auch zwei Jahre nach den Br\u00e4nden im Lager Moria auf der griechischen Insel Lesbos m\u00fcssten weiterhin mehr als tausend Menschen in Zelten ausharren. \u201eIn politischen Diskussionen um die sogenannte Sicherung der EU-Au\u00dfengrenzen scheint manchmal in Vergessenheit zu geraten, dass es um Menschenleben geht, nicht selten um die verletzlichsten, wie Kinder und Frauen\u201c, mahnte Kramer.<\/p>\n<p>Um das Thema wieder st\u00e4rker in den Fokus der Berichterstattung zu r\u00fccken, organisieren die EAK und Pax Christi vom 24. September bis 1. Oktober eine Informationsreise nach Athen und Lesbos, auf der die Teilnehmer Einblicke in das europ\u00e4ische Grenzregime erhalten. Dazu sind unter anderem Gespr\u00e4che mit lokalen Nichtregierungsorganisationen und politisch Verantwortlichen geplant.<\/p>\n<p>\u201eWir d\u00fcrfen die Gefl\u00fcchteten an den EU-Au\u00dfengrenzen nicht vergessen\u201c, sagte der Pax-Christi-Pr\u00e4sident und Mainzer Bischof Peter Kohlgraf. Schutzsuchende w\u00fcrden dort in mit Stacheldraht umz\u00e4unten \u201eClosed Controlled Access Centers\u201c untergebracht. \u201eIn diesen Lagern herrschen weiterhin schlechte hygienische Bedingungen und den Menschen wird der Zugang zu einem fairen Asylverfahren verwehrt\u201c, kritisierte er. Dieser Umgang mit Menschen widerspreche den europ\u00e4ischen Werten, es komme immer wieder zu \u201ePushbacks\u201c, bei denen Fl\u00fcchtlinge \u201eschutzlos aufs Meer zur\u00fcckgeschickt werden\u201c.<br \/>\u00a0<\/p>\n<\/div>\n","protected":false},"excerpt":{"rendered":"<p>Bonn (epd). Die Evangelische Arbeitsgemeinschaft f\u00fcr Kriegsdienstverweigerung und Frieden (EAK) sowie die katholische Friedensbewegung Pax Christi kritisieren ein \u201eSystem der<\/p>\n","protected":false},"author":1,"featured_media":4803,"comment_status":"closed","ping_status":"closed","sticky":false,"template":"","format":"standard","meta":{"footnotes":""},"categories":[20],"tags":[],"_links":{"self":[{"href":"https:\/\/krankenhauspfarramt.de\/index.php\/wp-json\/wp\/v2\/posts\/4802"}],"collection":[{"href":"https:\/\/krankenhauspfarramt.de\/index.php\/wp-json\/wp\/v2\/posts"}],"about":[{"href":"https:\/\/krankenhauspfarramt.de\/index.php\/wp-json\/wp\/v2\/types\/post"}],"author":[{"embeddable":true,"href":"https:\/\/krankenhauspfarramt.de\/index.php\/wp-json\/wp\/v2\/users\/1"}],"replies":[{"embeddable":true,"href":"https:\/\/krankenhauspfarramt.de\/index.php\/wp-json\/wp\/v2\/comments?post=4802"}],"version-history":[{"count":1,"href":"https:\/\/krankenhauspfarramt.de\/index.php\/wp-json\/wp\/v2\/posts\/4802\/revisions"}],"predecessor-version":[{"id":4804,"href":"https:\/\/krankenhauspfarramt.de\/index.php\/wp-json\/wp\/v2\/posts\/4802\/revisions\/4804"}],"wp:featuredmedia":[{"embeddable":true,"href":"https:\/\/krankenhauspfarramt.de\/index.php\/wp-json\/wp\/v2\/media\/4803"}],"wp:attachment":[{"href":"https:\/\/krankenhauspfarramt.de\/index.php\/wp-json\/wp\/v2\/media?parent=4802"}],"wp:term":[{"taxonomy":"category","embeddable":true,"href":"https:\/\/krankenhauspfarramt.de\/index.php\/wp-json\/wp\/v2\/categories?post=4802"},{"taxonomy":"post_tag","embeddable":true,"href":"https:\/\/krankenhauspfarramt.de\/index.php\/wp-json\/wp\/v2\/tags?post=4802"}],"curies":[{"name":"wp","href":"https:\/\/api.w.org\/{rel}","templated":true}]}}