{"id":4805,"date":"2022-09-16T10:31:20","date_gmt":"2022-09-16T10:31:20","guid":{"rendered":"https:\/\/krankenhauspfarramt.de\/index.php\/2022\/09\/16\/kurschus-gratuliert-wolfgang-schaeuble-zum-80-geburtstag-ekd\/"},"modified":"2022-09-16T10:31:28","modified_gmt":"2022-09-16T10:31:28","slug":"kurschus-gratuliert-wolfgang-schaeuble-zum-80-geburtstag-ekd","status":"publish","type":"post","link":"https:\/\/krankenhauspfarramt.de\/index.php\/2022\/09\/16\/kurschus-gratuliert-wolfgang-schaeuble-zum-80-geburtstag-ekd\/","title":{"rendered":"Kurschus gratuliert Wolfgang Sch\u00e4uble zum 80. Geburtstag \u2013 EKD"},"content":{"rendered":"<p> <br \/>\n<\/p>\n<div id=\"\">\n<div class=\"article--meta article--meta__border clearfix\">\n<p>                                    <time datetime=\"16.09.2022 08:55\" class=\"article--time\">16.09.2022<\/time><\/p>\n<p>                                     <strong class=\"article--type primus--overline\">Pressemitteilung<\/strong><\/p>\n<picture class=\"article--source-image image\"><source srcset=\"https:\/\/www.ekd.de\/ekd_de\/ds_img\/assets\/20170622_ekd-Quellenlogo_141_rdax_423x118.png\"><!--<source srcset=\"\/ekd_de\/ds_img\/assets\/20170622_ekd-Quellenlogo_141_rdax_141x39.png 1x, \/ekd_de\/ds_img\/assets\/20170622_ekd-Quellenlogo_141_rdax_282x78.png 2x, https:\/\/www.ekd.de\/ekd_de\/ds_img\/assets\/20170622_ekd-Quellenlogo_141_rdax_423x118.png 3x\">--><\/p>\n<p>    <\/source><\/picture>\n<\/p><\/div>\n<h2 class=\"article--sub-headline primus--sub-headline\">Eine \u201epr\u00e4gende Pers\u00f6nlichkeit mit Vorbildcharakter\u201c<\/h2>\n<\/p><\/div>\n<div id=\"\">\n<p class=\"EKDAdressdaten\">Die Ratsvorsitzende der Evangelischen Kirche in Deutschland (EKD), Pr\u00e4ses Annette Kurschus, gratuliert Wolfgang Sch\u00e4uble zum 80. Geburtstag am kommenden Sonntag, 18. September, und w\u00fcrdigt sein politisches Engagement:<\/p>\n<p class=\"EKDAdressdaten\">\u201eSie haben die Geschicke der Bundesrepublik bald ein halbes Jahrhundert lang auf sehr besondere Weise mitgestaltet. Herausragend ist Ihr Einsatz f\u00fcr die Wiedervereinigung zu nennen; der Einigungsvertrag tr\u00e4gt Ihre Handschrift. Den Umzug des Bundestages und der Bundesregierung von Bonn nach Berlin h\u00e4tte es ohne Ihre gro\u00dfe Rede dazu m\u00f6glicherweise nicht gegeben.<\/p>\n<p class=\"EKDAdressdaten\">Dass Politik Ihre Berufung ist, das war und ist Ihnen abzusp\u00fcren. Zu allen Zeiten Ihres Wirkens habe ich Sie als pr\u00e4gende Pers\u00f6nlichkeit mit Vorbildcharakter auch im Blick auf die Debattenkultur im Parlament wahrgenommen. Selbst wenn Sie sich heute seltener zu Wort melden \u2013 es bleibt deutlich, wie wichtig Ihnen ein konstruktiver und respektvoller Austausch zwischen den Abgeordneten nach wie vor ist. In Zeiten des allenthalben zunehmenden populistischen Schlagabtauschs kann das nicht hoch genug gew\u00fcrdigt werden.<\/p>\n<p class=\"EKDAdressdaten\">Ihre Kraft und Lebenszeit, Ihre kluge Nachdenklichkeit und Redegewandtheit haben Sie \u2013 in welchem Amt auch immer &#8211; in den Dienst unserer Gesellschaft gestellt. Davon hat auch \u201eIhre\u201c evangelische Kirche profitiert.<\/p>\n<p class=\"EKDAdressdaten\">Sie geh\u00f6ren zu denen, die sich \u00f6ffentlich erkennbar zu ihrem christlichen Glauben bekennen. Beispielhaft verl\u00e4sslich haben Sie die evangelische Kirche in den zur\u00fcckliegenden Jahren begleitet: Sie waren ansprechbar f\u00fcr die Themen, die uns am Herzen lagen, und Sie haben viele unserer Veranstaltungen durch Ihr Mitwirken bereichert.\u201c<\/p>\n<p class=\"EKDAdressdaten\">Hannover, 16. September 2022<\/p>\n<p class=\"EKDAdressdaten\">Pressestelle der EKD<br \/>Bernd Tiggemann<\/p>\n<\/div>\n","protected":false},"excerpt":{"rendered":"<p>16.09.2022 Pressemitteilung Eine \u201epr\u00e4gende Pers\u00f6nlichkeit mit Vorbildcharakter\u201c Die Ratsvorsitzende der Evangelischen Kirche in Deutschland (EKD), Pr\u00e4ses Annette Kurschus, gratuliert Wolfgang<\/p>\n","protected":false},"author":1,"featured_media":4806,"comment_status":"closed","ping_status":"closed","sticky":false,"template":"","format":"standard","meta":{"footnotes":""},"categories":[20],"tags":[],"_links":{"self":[{"href":"https:\/\/krankenhauspfarramt.de\/index.php\/wp-json\/wp\/v2\/posts\/4805"}],"collection":[{"href":"https:\/\/krankenhauspfarramt.de\/index.php\/wp-json\/wp\/v2\/posts"}],"about":[{"href":"https:\/\/krankenhauspfarramt.de\/index.php\/wp-json\/wp\/v2\/types\/post"}],"author":[{"embeddable":true,"href":"https:\/\/krankenhauspfarramt.de\/index.php\/wp-json\/wp\/v2\/users\/1"}],"replies":[{"embeddable":true,"href":"https:\/\/krankenhauspfarramt.de\/index.php\/wp-json\/wp\/v2\/comments?post=4805"}],"version-history":[{"count":1,"href":"https:\/\/krankenhauspfarramt.de\/index.php\/wp-json\/wp\/v2\/posts\/4805\/revisions"}],"predecessor-version":[{"id":4807,"href":"https:\/\/krankenhauspfarramt.de\/index.php\/wp-json\/wp\/v2\/posts\/4805\/revisions\/4807"}],"wp:featuredmedia":[{"embeddable":true,"href":"https:\/\/krankenhauspfarramt.de\/index.php\/wp-json\/wp\/v2\/media\/4806"}],"wp:attachment":[{"href":"https:\/\/krankenhauspfarramt.de\/index.php\/wp-json\/wp\/v2\/media?parent=4805"}],"wp:term":[{"taxonomy":"category","embeddable":true,"href":"https:\/\/krankenhauspfarramt.de\/index.php\/wp-json\/wp\/v2\/categories?post=4805"},{"taxonomy":"post_tag","embeddable":true,"href":"https:\/\/krankenhauspfarramt.de\/index.php\/wp-json\/wp\/v2\/tags?post=4805"}],"curies":[{"name":"wp","href":"https:\/\/api.w.org\/{rel}","templated":true}]}}