{"id":4844,"date":"2022-09-28T20:02:53","date_gmt":"2022-09-28T20:02:53","guid":{"rendered":"https:\/\/krankenhauspfarramt.de\/index.php\/2022\/09\/28\/rat-der-ekd-ehrt-preistraegerinnen-des-hanna-jursch-preises-ekd\/"},"modified":"2022-09-28T20:02:54","modified_gmt":"2022-09-28T20:02:54","slug":"rat-der-ekd-ehrt-preistraegerinnen-des-hanna-jursch-preises-ekd","status":"publish","type":"post","link":"https:\/\/krankenhauspfarramt.de\/index.php\/2022\/09\/28\/rat-der-ekd-ehrt-preistraegerinnen-des-hanna-jursch-preises-ekd\/","title":{"rendered":"Rat der EKD ehrt Preistr\u00e4ger*innen des Hanna-Jursch-Preises \u2013 EKD"},"content":{"rendered":"<p> <br \/>\n<\/p>\n<div id=\"\">\n<div class=\"article--meta article--meta__border clearfix\">\n<p>                                    <time datetime=\"28.09.2022 18:00\" class=\"article--time\">28.09.2022<\/time><\/p>\n<p>                                     <strong class=\"article--type primus--overline\">Pressemitteilung<\/strong><\/p>\n<picture class=\"article--source-image image\"><source srcset=\"https:\/\/www.ekd.de\/ekd_de\/ds_img\/assets\/20170622_ekd-Quellenlogo_141_rdax_423x118.png\"><!--<source srcset=\"\/ekd_de\/ds_img\/assets\/20170622_ekd-Quellenlogo_141_rdax_141x39.png 1x, \/ekd_de\/ds_img\/assets\/20170622_ekd-Quellenlogo_141_rdax_282x78.png 2x, https:\/\/www.ekd.de\/ekd_de\/ds_img\/assets\/20170622_ekd-Quellenlogo_141_rdax_423x118.png 3x\">--><\/p>\n<p>    <\/source><\/picture>\n<\/p><\/div>\n<h2 class=\"article--sub-headline primus--sub-headline\">Wissenschaftlich-theologische Arbeiten, in denen geschlechterspezifische Perspektiven eine wesentliche Rolle spielen, ausgezeichnet<\/h2>\n<\/p><\/div>\n<div id=\"\">\n<p class=\"EKDFlietext\"><span style=\"line-height:14pt\">Der Dekan Michael Diener hat heute in Worms f\u00fcr den Rat der Evangelischen Kirche in Deutschland (EKD) den Preistr\u00e4ger*innen des 10. und 11. Hanna-Jursch-Preises die Auszeichnungen \u00fcberreicht. <\/span><\/p>\n<p class=\"EKDFlietext\"><span style=\"line-height:14pt\">Die Theologin Sarah J\u00e4ger erhielt den mit 5.000 Euro dotierten Hanna-Jursch-Preis der 10. Ausschreibung zum Thema: Lebensformen &amp; Beziehungsweisen. Konstruktionen und Dekonstruktionen von Heteronormativit\u00e4t. Die damalige Wissenschaftliche Assistentin am Lehrstuhl f\u00fcr Diakoniewissenschaft und Systematische Theologie\/Ethik an der Kirchlichen Hochschule Wuppertal\/Bethel erh\u00e4lt den Preis f\u00fcr ihre Dissertation \u201eBundesdeutscher Protestantismus und Geschlechterdiskurse 1949 &#8211; 1971. Eine Revolution auf leisen Sohlen\u201c, die an der Evangelisch-Theologischen Fakult\u00e4t M\u00fcnchen im Rahmen einer DFG-Forschungsgruppe entstanden ist. \u201eSarah J\u00e4ger hat eine fundierte quellenbasierte Arbeit zu den evangelischen Geschlechterdebatten der Bundesrepublik vorgelegt, die auch f\u00fcr heutige innerkirchliche Debatten fruchtbar gemacht werden kann. Darin liegt der wegweisende Charakter der Monographie, die ein St\u00fcck bundesrepublikanischer evangelischer Mentalit\u00e4tsgeschichte aufarbeitet\u201c, so Laudator und Jury-Mitglied Professor Lukas Bormann.<\/span><\/p>\n<p class=\"EKDFlietext\"><span style=\"line-height:14pt\">Die drei Hanna-Jursch-Nachwuchspreise 2020 gingen an Bruno Biermann f\u00fcr seine wissenschaftliche Hausarbeit \u201eVerk\u00f6rperte Metaphern. Metaphorische Konstruktion von geschlechtlicher K\u00f6rperlichkeit zwischen Erotik, Anklage und Gewalt in Ez 23, 1-30&#8243;, an Sophia Farnbauer f\u00fcr ihre Magisterarbeit \u201eDie sogenannte Ehereligion Nikolaus Ludwig von Zinzendorfs&#8220; sowie an Jasmin Mannschatz f\u00fcr ihre wissenschaftliche Abschlussarbeit \u201eTransidentit\u00e4t im Horizont der christlichen Sch\u00f6pfungstheologie &#8211; Eine interdisziplin\u00e4re Untersuchung&#8220;. Alle drei Arbeiten sind differenziert und innovativ gearbeitet und von einem hohen wissenschaftlichen Niveau. Den Nachwuchspreis 2022 zumThemenfeld \u201eGeschlecht in der Krise \u2013 Krisen des Geschlechts\u201c erhielt Anna L\u00f6w f\u00fcr ihre Hauptseminararbeit \u201eDas Motiv der Sch\u00f6pfung als Geburt durch Jahwe. Eine Untersuchung im Anschluss an Ps. 90,2\u201c. Das Preisgeld betr\u00e4gt jeweils 1.000 Euro.<\/span><\/p>\n<p class=\"EKDFlietext\"><span style=\"line-height:14pt\">Mit dem Hanna-Jursch-Preis werden vom Rat der EKD alle zwei Jahre herausragende wissenschaftlich-theologische Arbeiten ausgezeichnet, in denen gender- bzw. geschlechterspezifische Perspektiven eine wesentliche Rolle spielen. Aufgrund der Corona-Pandemie konnte die \u00dcbergabe 2020 nicht stattfinden.<\/span><\/p>\n<p class=\"EKDFlietext\"><span style=\"line-height:14pt\">Benannt ist der Preis nach der Jenaer Kirchenhistorikerin Hanna Jursch (1902-1972), die sich 1934 als erste Frau an einer deutschen Theologischen Fakult\u00e4t habilitierte.<\/span><\/p>\n<p class=\"EKDFlietext\"><span style=\"line-height:14pt\">Hannover\/Worms, 28. September 2022<\/span><\/p>\n<p class=\"EKDFlietext\"><span style=\"line-height:14pt\">Pressestelle der EKD<\/span><br \/><span style=\"line-height:14pt\">Annika Lukas<\/span><\/p>\n<\/div>\n","protected":false},"excerpt":{"rendered":"<p>28.09.2022 Pressemitteilung Wissenschaftlich-theologische Arbeiten, in denen geschlechterspezifische Perspektiven eine wesentliche Rolle spielen, ausgezeichnet Der Dekan Michael Diener hat heute in<\/p>\n","protected":false},"author":1,"featured_media":569,"comment_status":"closed","ping_status":"closed","sticky":false,"template":"","format":"standard","meta":{"footnotes":""},"categories":[20],"tags":[],"_links":{"self":[{"href":"https:\/\/krankenhauspfarramt.de\/index.php\/wp-json\/wp\/v2\/posts\/4844"}],"collection":[{"href":"https:\/\/krankenhauspfarramt.de\/index.php\/wp-json\/wp\/v2\/posts"}],"about":[{"href":"https:\/\/krankenhauspfarramt.de\/index.php\/wp-json\/wp\/v2\/types\/post"}],"author":[{"embeddable":true,"href":"https:\/\/krankenhauspfarramt.de\/index.php\/wp-json\/wp\/v2\/users\/1"}],"replies":[{"embeddable":true,"href":"https:\/\/krankenhauspfarramt.de\/index.php\/wp-json\/wp\/v2\/comments?post=4844"}],"version-history":[{"count":1,"href":"https:\/\/krankenhauspfarramt.de\/index.php\/wp-json\/wp\/v2\/posts\/4844\/revisions"}],"predecessor-version":[{"id":4845,"href":"https:\/\/krankenhauspfarramt.de\/index.php\/wp-json\/wp\/v2\/posts\/4844\/revisions\/4845"}],"wp:featuredmedia":[{"embeddable":true,"href":"https:\/\/krankenhauspfarramt.de\/index.php\/wp-json\/wp\/v2\/media\/569"}],"wp:attachment":[{"href":"https:\/\/krankenhauspfarramt.de\/index.php\/wp-json\/wp\/v2\/media?parent=4844"}],"wp:term":[{"taxonomy":"category","embeddable":true,"href":"https:\/\/krankenhauspfarramt.de\/index.php\/wp-json\/wp\/v2\/categories?post=4844"},{"taxonomy":"post_tag","embeddable":true,"href":"https:\/\/krankenhauspfarramt.de\/index.php\/wp-json\/wp\/v2\/tags?post=4844"}],"curies":[{"name":"wp","href":"https:\/\/api.w.org\/{rel}","templated":true}]}}