{"id":4851,"date":"2022-09-29T13:17:32","date_gmt":"2022-09-29T13:17:32","guid":{"rendered":"https:\/\/krankenhauspfarramt.de\/index.php\/2022\/09\/29\/meilenstein-auf-dem-weg-zur-klimaneutralitaet-ekd\/"},"modified":"2022-09-29T13:17:33","modified_gmt":"2022-09-29T13:17:33","slug":"meilenstein-auf-dem-weg-zur-klimaneutralitaet-ekd","status":"publish","type":"post","link":"https:\/\/krankenhauspfarramt.de\/index.php\/2022\/09\/29\/meilenstein-auf-dem-weg-zur-klimaneutralitaet-ekd\/","title":{"rendered":"Meilenstein auf dem Weg zur Klimaneutralit\u00e4t \u2013 EKD"},"content":{"rendered":"<p> <br \/>\n<\/p>\n<div id=\"\">\n<div class=\"article--meta article--meta__border clearfix\">\n<p>                                    <time datetime=\"29.09.2022 12:00\" class=\"article--time\">29.09.2022<\/time><\/p>\n<p>                                     <strong class=\"article--type primus--overline\">Pressemitteilung<\/strong><\/p>\n<picture class=\"article--source-image image\"><source srcset=\"https:\/\/www.ekd.de\/ekd_de\/ds_img\/assets\/20170622_ekd-Quellenlogo_141_rdax_423x118.png\"><!--<source srcset=\"\/ekd_de\/ds_img\/assets\/20170622_ekd-Quellenlogo_141_rdax_141x39.png 1x, \/ekd_de\/ds_img\/assets\/20170622_ekd-Quellenlogo_141_rdax_282x78.png 2x, https:\/\/www.ekd.de\/ekd_de\/ds_img\/assets\/20170622_ekd-Quellenlogo_141_rdax_423x118.png 3x\">--><\/p>\n<p>    <\/source><\/picture>\n<\/p><\/div>\n<h2 class=\"article--sub-headline primus--sub-headline\">EKD verabschiedet Richtlinie f\u00fcr den kirchlichen Klimaschutz<\/h2>\n<\/p><\/div>\n<div id=\"\">\n<p class=\"EKDFlietext\"><span style=\"line-height:14pt\">Mit einer \u201eKlimaschutzrichtlinie\u201c hat die Evangelische Kirche in Deutschland (EKD) einen Meilenstein f\u00fcr den Weg zu einer klimaneutralen Kirche gesetzt. Die jetzt von Kirchenkonferenz und Rat der EKD verabschiedete Richtlinie beschreibt einen Standard f\u00fcr den kirchlichen Klimaschutz, an dem k\u00fcnftig die rechtlichen Regelungen der Landeskirchen gemessen werden k\u00f6nnen. Damit bietet sie eine Grundlage f\u00fcr einheitliche und \u00fcberpr\u00fcfbare Regelungen.<\/span><\/p>\n<p class=\"EKDFlietext\"><span style=\"line-height:14pt\">\u201eDer Klimawandel bleibt die gr\u00f6\u00dfte Herausforderung der Menschheit. Das m\u00fcssen wir uns auch und gerade in der Energiekrise immer wieder vor Augen f\u00fchren,\u201c so die Ratsvorsitzende der EKD, Pr\u00e4ses Annette Kurschus. \u201eZusammen mit Politik, Wirtschaft, den Religionsgemeinschaften und allen Menschen guten Willens m\u00fcssen wir uns als evangelische Kirche dieser Herausforderung entschlossen und konsequent stellen. Die Klimaschutzrichtlinie der EKD nimmt uns selbst in die Pflicht, genau das zu tun.&#8220;<\/span><\/p>\n<p class=\"EKDFlietext\"><span style=\"line-height:14pt\">Die Synode der EKD hatte im vergangenen November beschlossen, eine Roadmap f\u00fcr einen verbindlichen EKD-weiten Prozess zur Klimaneutralit\u00e4t bis 2035 sowie verbindliche \u00dcberpr\u00fcfungs- und Anpassungsmechanismen erarbeiten zu lassen.<\/span><\/p>\n<p class=\"EKDFlietext\"><span style=\"line-height:14pt\">\u201eMit der neuen Richtline und der Roadmap ist es innerhalb k\u00fcrzester Zeit gelungen, einen gemeinsamen \u00fcberpr\u00fcfbaren Rahmen f\u00fcr die Umsetzung der Klimaziele der EKD zu finden\u201c, so die Pr\u00e4ses der Synode, Anna-Nicole Heinrich. \u201eSeit Jahrzehnten ist klar, dass die Treibhausgasemissionen sinken m\u00fcssen und doch sind sie bis zuletzt gestiegen. Umso mehr stehen wir in der Verantwortung, als Kirchen unseren Beitrag dazu zu leisten, die Lebensgrundlage k\u00fcnftiger Generationen zu erhalten. Dabei d\u00fcrfen wir jetzt keine Zeit mehr verlieren.\u201c<\/span><\/p>\n<p class=\"EKDFlietext\"><span style=\"line-height:14pt\">Erg\u00e4nzt wird die Richtlinie von einer Roadmap zur Erreichung der Netto-Treibhausgasneutralit\u00e4t, die die Forschungsst\u00e4tte der Evangelischen Studiengemeinschaft e.V. (FEST) entwickelt hat. W\u00e4hrend die Klimaschutzrichtlinie die rechtlichen Rahmenbedingungen aufzeigt, stellt die Roadmap die wissenschaftlichen Rahmenbedingungen dar, in denen die Netto-Treibhausgasneutralit\u00e4t bis 2035 erreicht werden kann.<\/span><\/p>\n<p class=\"EKDFlietext\"><span style=\"line-height:14pt\">Die Beauftragte f\u00fcr Sch\u00f6pfungsverantwortung der EKD, Landesbisch\u00f6fin Kristina K\u00fchnbaum-Schmidt (Nordkirche), sieht in der Klimaschutzrichtlinie einen \u201ewichtigen Schritt auf dem Weg zur Klimaneutralit\u00e4t. Mit diesem Orientierungsrahmen machen wir deutlich: Als evangelische Kirche wollen wir unsere bereits vorhandenen wie die derzeit entstehenden landeskirchlichen Klimaschutzgesetze und den Synodenbeschluss der EKD zur Klimaneutralit\u00e4t konsequent und verbindlich umsetzen.\u201c<\/span><\/p>\n<p class=\"EKDFlietext\"><span style=\"line-height:14pt\">Hannover, 29. September 2022<\/span><\/p>\n<p class=\"EKDFlietext\"><span style=\"line-height:14pt\">Pressestelle der EKD<\/span><br \/><span style=\"line-height:14pt\">Carsten Splitt<\/span><\/p>\n<\/div>\n","protected":false},"excerpt":{"rendered":"<p>29.09.2022 Pressemitteilung EKD verabschiedet Richtlinie f\u00fcr den kirchlichen Klimaschutz Mit einer \u201eKlimaschutzrichtlinie\u201c hat die Evangelische Kirche in Deutschland (EKD) einen<\/p>\n","protected":false},"author":1,"featured_media":569,"comment_status":"closed","ping_status":"closed","sticky":false,"template":"","format":"standard","meta":{"footnotes":""},"categories":[20],"tags":[],"_links":{"self":[{"href":"https:\/\/krankenhauspfarramt.de\/index.php\/wp-json\/wp\/v2\/posts\/4851"}],"collection":[{"href":"https:\/\/krankenhauspfarramt.de\/index.php\/wp-json\/wp\/v2\/posts"}],"about":[{"href":"https:\/\/krankenhauspfarramt.de\/index.php\/wp-json\/wp\/v2\/types\/post"}],"author":[{"embeddable":true,"href":"https:\/\/krankenhauspfarramt.de\/index.php\/wp-json\/wp\/v2\/users\/1"}],"replies":[{"embeddable":true,"href":"https:\/\/krankenhauspfarramt.de\/index.php\/wp-json\/wp\/v2\/comments?post=4851"}],"version-history":[{"count":1,"href":"https:\/\/krankenhauspfarramt.de\/index.php\/wp-json\/wp\/v2\/posts\/4851\/revisions"}],"predecessor-version":[{"id":4852,"href":"https:\/\/krankenhauspfarramt.de\/index.php\/wp-json\/wp\/v2\/posts\/4851\/revisions\/4852"}],"wp:featuredmedia":[{"embeddable":true,"href":"https:\/\/krankenhauspfarramt.de\/index.php\/wp-json\/wp\/v2\/media\/569"}],"wp:attachment":[{"href":"https:\/\/krankenhauspfarramt.de\/index.php\/wp-json\/wp\/v2\/media?parent=4851"}],"wp:term":[{"taxonomy":"category","embeddable":true,"href":"https:\/\/krankenhauspfarramt.de\/index.php\/wp-json\/wp\/v2\/categories?post=4851"},{"taxonomy":"post_tag","embeddable":true,"href":"https:\/\/krankenhauspfarramt.de\/index.php\/wp-json\/wp\/v2\/tags?post=4851"}],"curies":[{"name":"wp","href":"https:\/\/api.w.org\/{rel}","templated":true}]}}