{"id":4879,"date":"2022-10-07T13:55:38","date_gmt":"2022-10-07T13:55:38","guid":{"rendered":"https:\/\/krankenhauspfarramt.de\/index.php\/2022\/10\/07\/ekd-fluechtlingsbeauftragter-christian-staeblein-fordert-abschiebestopp-nach-pakistan-ekd\/"},"modified":"2022-10-07T13:55:39","modified_gmt":"2022-10-07T13:55:39","slug":"ekd-fluechtlingsbeauftragter-christian-staeblein-fordert-abschiebestopp-nach-pakistan-ekd","status":"publish","type":"post","link":"https:\/\/krankenhauspfarramt.de\/index.php\/2022\/10\/07\/ekd-fluechtlingsbeauftragter-christian-staeblein-fordert-abschiebestopp-nach-pakistan-ekd\/","title":{"rendered":"EKD-Fl\u00fcchtlingsbeauftragter Christian St\u00e4blein fordert Abschiebestopp nach Pakistan \u2013 EKD"},"content":{"rendered":"<p> <br \/>\n<\/p>\n<div id=\"\">\n<div class=\"article--meta article--meta__border clearfix\">\n<p>                                    <time datetime=\"07.10.2022 12:00\" class=\"article--time\">07.10.2022<\/time><\/p>\n<p>                                     <strong class=\"article--type primus--overline\">Pressemitteilung<\/strong><\/p>\n<picture class=\"article--source-image image\"><source srcset=\"https:\/\/www.ekd.de\/ekd_de\/ds_img\/assets\/20170622_ekd-Quellenlogo_141_rdax_423x118.png\"><!--<source srcset=\"\/ekd_de\/ds_img\/assets\/20170622_ekd-Quellenlogo_141_rdax_141x39.png 1x, \/ekd_de\/ds_img\/assets\/20170622_ekd-Quellenlogo_141_rdax_282x78.png 2x, https:\/\/www.ekd.de\/ekd_de\/ds_img\/assets\/20170622_ekd-Quellenlogo_141_rdax_423x118.png 3x\">--><\/p>\n<p>    <\/source><\/picture>\n<\/p><\/div>\n<h2 class=\"article--sub-headline primus--sub-headline\">\u201eMenschen in ein Katastrophengebiet hinein abzuschieben, ist unmenschlich und unw\u00fcrdig.\u201c<\/h2>\n<\/p><\/div>\n<div id=\"\">\n<p>Angesichts der verheerenden \u00dcberschwemmungen in Pakistan fordert <span style=\"background:white\"><span style=\"letter-spacing:.1pt\">Christian St\u00e4blein, Bischof der Evangelischen Kirche Berlin-Brandenburg-schlesische Oberlausitz (EKBO) und EKD-Beauftragter f\u00fcr Fl\u00fcchtlingsfragen, einen vor\u00fcbergehenden Abschiebestopp.<\/span><\/span><\/p>\n<p>\u201ePakistan ist nach der Flutkatastrophe in einer furchtbaren Lage. Noch immer k\u00e4mpfen dort Millionen Bewohner um ihr \u00dcberleben. Menschen aus Deutschland zwangsweise nach Pakistan in ein Katastrophengebiet abzuschieben, ist unmenschlich und unw\u00fcrdig\u201c, sagt der EKD-Fl\u00fcchtlingsbeauftragte Bischof Christian St\u00e4blein. Ein Drittel des Landes ist \u00fcberflutet. Infrastruktur, H\u00e4user und Ernten wurden in weiten Landesteilen Pakistans zerst\u00f6rt. Mehr als 1400 Bewohnerinnen und Bewohner des Landes kamen in der Flutkatastrophe ums Leben, mehr als sieben Millionen Menschen sind innerhalb des Landes auf der Flucht.<\/p>\n<p>\u201eUm ihrer geschundenen Seelen willen, bitten wir die Bundesregierung in dieser dramatischen Situation die weiterhin geplanten Abschiebungen nach Pakistan f\u00fcr die n\u00e4chste Zeit auszusetzen\u201c, fordert Bischof Christian St\u00e4blein weiter. \u201eDie Bundesregierung hat ihre Hilfen f\u00fcr Pakistan in den vergangenen Tagen erh\u00f6ht, das ist eine wichtige humanit\u00e4re Unterst\u00fctzung. Eine Aussetzung der Abschiebungen w\u00e4re ebenfalls ein wichtiges Zeichen der Menschlichkeit.\u201c Vom Flughafen M\u00fcnchen startete zuletzt am 6. September ein Sammelabschiebecharter nach Islamabad, im Oktober ist ein weiterer Abschiebeflug geplant.<\/p>\n<p class=\"EKDFlietext\">Hannover, 7. Oktober 2022<\/p>\n<p class=\"EKDAdressdaten\">Pressestelle der EKD<br \/>Carsten Splitt<\/p>\n<\/div>\n","protected":false},"excerpt":{"rendered":"<p>07.10.2022 Pressemitteilung \u201eMenschen in ein Katastrophengebiet hinein abzuschieben, ist unmenschlich und unw\u00fcrdig.\u201c Angesichts der verheerenden \u00dcberschwemmungen in Pakistan fordert Christian<\/p>\n","protected":false},"author":1,"featured_media":2366,"comment_status":"closed","ping_status":"closed","sticky":false,"template":"","format":"standard","meta":{"footnotes":""},"categories":[20],"tags":[],"_links":{"self":[{"href":"https:\/\/krankenhauspfarramt.de\/index.php\/wp-json\/wp\/v2\/posts\/4879"}],"collection":[{"href":"https:\/\/krankenhauspfarramt.de\/index.php\/wp-json\/wp\/v2\/posts"}],"about":[{"href":"https:\/\/krankenhauspfarramt.de\/index.php\/wp-json\/wp\/v2\/types\/post"}],"author":[{"embeddable":true,"href":"https:\/\/krankenhauspfarramt.de\/index.php\/wp-json\/wp\/v2\/users\/1"}],"replies":[{"embeddable":true,"href":"https:\/\/krankenhauspfarramt.de\/index.php\/wp-json\/wp\/v2\/comments?post=4879"}],"version-history":[{"count":1,"href":"https:\/\/krankenhauspfarramt.de\/index.php\/wp-json\/wp\/v2\/posts\/4879\/revisions"}],"predecessor-version":[{"id":4880,"href":"https:\/\/krankenhauspfarramt.de\/index.php\/wp-json\/wp\/v2\/posts\/4879\/revisions\/4880"}],"wp:featuredmedia":[{"embeddable":true,"href":"https:\/\/krankenhauspfarramt.de\/index.php\/wp-json\/wp\/v2\/media\/2366"}],"wp:attachment":[{"href":"https:\/\/krankenhauspfarramt.de\/index.php\/wp-json\/wp\/v2\/media?parent=4879"}],"wp:term":[{"taxonomy":"category","embeddable":true,"href":"https:\/\/krankenhauspfarramt.de\/index.php\/wp-json\/wp\/v2\/categories?post=4879"},{"taxonomy":"post_tag","embeddable":true,"href":"https:\/\/krankenhauspfarramt.de\/index.php\/wp-json\/wp\/v2\/tags?post=4879"}],"curies":[{"name":"wp","href":"https:\/\/api.w.org\/{rel}","templated":true}]}}