{"id":4881,"date":"2022-10-07T14:53:19","date_gmt":"2022-10-07T14:53:19","guid":{"rendered":"https:\/\/krankenhauspfarramt.de\/index.php\/2022\/10\/07\/berliner-bischof-fordert-abschiebestopp-fuer-pakistaner-ekd\/"},"modified":"2022-10-07T14:53:20","modified_gmt":"2022-10-07T14:53:20","slug":"berliner-bischof-fordert-abschiebestopp-fuer-pakistaner-ekd","status":"publish","type":"post","link":"https:\/\/krankenhauspfarramt.de\/index.php\/2022\/10\/07\/berliner-bischof-fordert-abschiebestopp-fuer-pakistaner-ekd\/","title":{"rendered":"Berliner Bischof fordert Abschiebestopp f\u00fcr Pakistaner \u2013 EKD"},"content":{"rendered":"<p> <br \/>\n<\/p>\n<div>\n<p>Ein Drittel des Landes ist den Angaben zufolge nach den schweren Monsun-Regenf\u00e4llen \u00fcberflutet. Infrastruktur, H\u00e4user und Ernten wurden in weiten Landesteilen zerst\u00f6rt. Mehr als 1.400 Menschen kamen in der Flutkatastrophe ums Leben, mehr als sieben Millionen Menschen sind innerhalb des Landes auf der Flucht. Pakistan mit seinen mehr als 220 Millionen Einwohnern ist in diesem Jahr von ungew\u00f6hnlich starken Regenf\u00e4llen w\u00e4hrend des Monsuns heimgesucht worden.<\/p>\n<p>Die Bundesregierung habe ihre Hilfen f\u00fcr Pakistan in den vergangenen Tagen zwar erh\u00f6ht, aber eine Aussetzung der Abschiebungen w\u00e4re ebenfalls ein \u201ewichtiges Zeichen der Menschlichkeit\u201c, sagte St\u00e4blein. Vom Flughafen M\u00fcnchen startete nach Angaben der EKD zuletzt am 6. September ein Sammelabschiebecharter nach Islamabad, im Oktober ist demnach ein weiterer Abschiebeflug geplant.<\/p>\n<\/p><\/div>\n","protected":false},"excerpt":{"rendered":"<p>Ein Drittel des Landes ist den Angaben zufolge nach den schweren Monsun-Regenf\u00e4llen \u00fcberflutet. Infrastruktur, H\u00e4user und Ernten wurden in weiten<\/p>\n","protected":false},"author":1,"featured_media":4882,"comment_status":"closed","ping_status":"closed","sticky":false,"template":"","format":"standard","meta":{"footnotes":""},"categories":[20],"tags":[],"_links":{"self":[{"href":"https:\/\/krankenhauspfarramt.de\/index.php\/wp-json\/wp\/v2\/posts\/4881"}],"collection":[{"href":"https:\/\/krankenhauspfarramt.de\/index.php\/wp-json\/wp\/v2\/posts"}],"about":[{"href":"https:\/\/krankenhauspfarramt.de\/index.php\/wp-json\/wp\/v2\/types\/post"}],"author":[{"embeddable":true,"href":"https:\/\/krankenhauspfarramt.de\/index.php\/wp-json\/wp\/v2\/users\/1"}],"replies":[{"embeddable":true,"href":"https:\/\/krankenhauspfarramt.de\/index.php\/wp-json\/wp\/v2\/comments?post=4881"}],"version-history":[{"count":1,"href":"https:\/\/krankenhauspfarramt.de\/index.php\/wp-json\/wp\/v2\/posts\/4881\/revisions"}],"predecessor-version":[{"id":4883,"href":"https:\/\/krankenhauspfarramt.de\/index.php\/wp-json\/wp\/v2\/posts\/4881\/revisions\/4883"}],"wp:featuredmedia":[{"embeddable":true,"href":"https:\/\/krankenhauspfarramt.de\/index.php\/wp-json\/wp\/v2\/media\/4882"}],"wp:attachment":[{"href":"https:\/\/krankenhauspfarramt.de\/index.php\/wp-json\/wp\/v2\/media?parent=4881"}],"wp:term":[{"taxonomy":"category","embeddable":true,"href":"https:\/\/krankenhauspfarramt.de\/index.php\/wp-json\/wp\/v2\/categories?post=4881"},{"taxonomy":"post_tag","embeddable":true,"href":"https:\/\/krankenhauspfarramt.de\/index.php\/wp-json\/wp\/v2\/tags?post=4881"}],"curies":[{"name":"wp","href":"https:\/\/api.w.org\/{rel}","templated":true}]}}