{"id":4884,"date":"2022-10-07T17:59:16","date_gmt":"2022-10-07T17:59:16","guid":{"rendered":"https:\/\/krankenhauspfarramt.de\/index.php\/2022\/10\/07\/oekumenische-jubilaeumsveranstaltung-in-muenchen-ekd\/"},"modified":"2022-10-07T17:59:17","modified_gmt":"2022-10-07T17:59:17","slug":"oekumenische-jubilaeumsveranstaltung-in-muenchen-ekd","status":"publish","type":"post","link":"https:\/\/krankenhauspfarramt.de\/index.php\/2022\/10\/07\/oekumenische-jubilaeumsveranstaltung-in-muenchen-ekd\/","title":{"rendered":"\u00d6kumenische Jubil\u00e4umsveranstaltung in M\u00fcnchen \u2013 EKD"},"content":{"rendered":"<p> <br \/>\n<\/p>\n<div id=\"\">\n<div class=\"article--meta article--meta__border clearfix\">\n<p>                                    <time datetime=\"07.10.2022 16:15\" class=\"article--time\">07.10.2022<\/time><\/p>\n<p>                                     <strong class=\"article--type primus--overline\">Pressemitteilung<\/strong><\/p>\n<picture class=\"article--source-image image\"><source srcset=\"https:\/\/www.ekd.de\/ekd_de\/ds_img\/assets\/20170622_ekd-Quellenlogo_141_rdax_423x118.png\"><!--<source srcset=\"\/ekd_de\/ds_img\/assets\/20170622_ekd-Quellenlogo_141_rdax_141x39.png 1x, \/ekd_de\/ds_img\/assets\/20170622_ekd-Quellenlogo_141_rdax_282x78.png 2x, https:\/\/www.ekd.de\/ekd_de\/ds_img\/assets\/20170622_ekd-Quellenlogo_141_rdax_423x118.png 3x\">--><\/p>\n<p>    <\/source><\/picture>\n<\/p><\/div><\/div>\n<div id=\"\">\n<p>Sportlerinnen und Sportler k\u00f6nnen sich seit 50 Jahren bei den Olympischen Spielen an die Olympiaseelsorger der katholischen und evangelischen Kirche wenden. Seit Olympia 1972 in M\u00fcnchen geh\u00f6rt das \u00f6kumenische Seelsorgeteam bei allen Sommer- und Winterspielen als fester Bestandteil zur deutschen Mannschaft. Die Seelsorgerinnen und Seelsorger sind offen f\u00fcr Sorgen und N\u00f6te und bieten auch Gebetsimpulse und Gottesdienste an. Das Jubil\u00e4um der Olympiaseelsorge wird heute und morgen (7. und 8. Oktober 2022) im \u00d6kumenischen Kirchenzentrum des ehemaligen Athletendorfes der Olympischen Spiele (Helene-Mayer-Ring 23, M\u00fcnchen) gefeiert. Es stehen Impulse zur Geschichte der Olympiaseelsorge, Podiumsdiskussionen und Workshops auf dem Programm. Erwartet werden unter anderem Verena Bentele, Vizepr\u00e4sidentin des Deutschen Olympischen Sportbundes (DOSB), und Friedhelm Julius Beucher, Pr\u00e4sident des Deutschen Behindertensportverbandes e. V., sowie zahlreiche ehemalige Olympiaseelsorger.<\/p>\n<p>Bischof Dr. Stefan Oster SDB, Sportbischof der Deutschen Bischofskonferenz, dankt den Olympiaseelsorgern f\u00fcr allen Einsatz und betont in seinem Gru\u00dfwort zur Er\u00f6ffnung der Veranstaltung: \u201eBei der Olympiaseelsorge geht es nicht nur um den Sport, es geht um den ganzen Menschen mit all den Erfahrungen von Freude, Leid, Gelingen, Grenzen, Sieg und Niederlage. Die Olympiaseelsorger halten gewisserma\u00dfen die T\u00fcr zur Seele der Menschen offen und hoffentlich auch zum Himmel \u2013 vor allem dort, wo manchmal die Sorge um die Physis allzu dominant wird. Oder auch dort, wo der psychische Druck auf die Athleten immer gr\u00f6\u00dfer wird.\u201c<\/p>\n<p>Der \u00f6kumenische Gottesdienst am Samstag im \u00d6kumenischen Kirchenzentrum steht unter dem Motto \u201eYou`ll never walk alone!\u201c. Ehemalige Olympiaseelsorger sowie Msgr. Martin Cambensy, Bisch\u00f6flicher Beauftragter f\u00fcr Kirche und Sport in Bayern, wirken im Gottesdient mit. Die katholische Olympiaseelsorgerin Elisabeth Keilmann und Thomas Weber, evangelischer Olympiapfarrer, werden zur biblischen Emmausgeschichte und ihrer Bedeutung f\u00fcr die Olympiaseelsorge predigen.<\/p>\n<p>Elisabeth Keilmann zeigt dabei auf, dass der auferstandene Jesus den Emmausj\u00fcngern da begegnet, wo sie fragen und suchen, wo sie Sinnlosigkeit und Verzweiflung sp\u00fcren. \u201eOhne dass sie es merken, ist er mit ihnen unterwegs. Ihr Weg von entt\u00e4uschter Hoffnung wird zu einem Weg von neuer Hoffnung\u201c, so Elisabeth Keilmann, \u201eund das geh\u00f6rt f\u00fcr mich zum Glauben: Die Botschaft der Heiligen Schrift in das eigene Herz aufnehmen. Im Wort Gottes mein eigenes Leben erkennen, in ihm Zuversicht und Mut entdecken. Dieses Evangelium gibt mir das feste Vertrauen, dass der Auferstandene auch uns auf unserem Lebensweg begleitet, sei es bei Sieg oder Niederlage\u201c. Ihr evangelischer Kollege Thomas Weber betont: \u201eDer biblische Text von der Begegnung der beiden Emmausj\u00fcnger mit dem auferstandenen Jesus geh\u00f6rt zu den starken Texten, auf denen sich mein Glaube gr\u00fcndet. Diese Geschichte erz\u00e4hlt den Weg zweier Menschen heraus aus einer schwierigen und krisenhaften Situation mithilfe der intensiven Wegbegleitung durch einen Dritten. Dabei geht es um die wirklich wichtigen Fragen im Leben. Der Dritte ist der am Ostertag auferweckte Jesus Christus. Der Tod hat nicht das letzte Wort, er ist besiegt, gro\u00dfartig! So verstehe ich Seelsorge als Wegbegleitung. Die Olympia- bzw. Paralympics-Mannschaft ist eine Gemeinde auf Zeit. Und die Seelsorger sind Begleiter auf einer bestimmten Wegstrecke, die Zeit haben, zuh\u00f6ren und Fragen stellen, um Menschen in diesem besonderen Bereich des Hochleistungssports zu unterst\u00fctzen und zu st\u00e4rken.\u201c<\/p>\n<p class=\"EKDAdressdaten\">Hannover, 7. Oktober 2022<\/p>\n<p class=\"EKDAdressdaten\">Pressestelle der EKD<br \/>Annika Lukas<\/p>\n<\/div>\n","protected":false},"excerpt":{"rendered":"<p>07.10.2022 Pressemitteilung Sportlerinnen und Sportler k\u00f6nnen sich seit 50 Jahren bei den Olympischen Spielen an die Olympiaseelsorger der katholischen und<\/p>\n","protected":false},"author":1,"featured_media":569,"comment_status":"closed","ping_status":"closed","sticky":false,"template":"","format":"standard","meta":{"footnotes":""},"categories":[20],"tags":[],"_links":{"self":[{"href":"https:\/\/krankenhauspfarramt.de\/index.php\/wp-json\/wp\/v2\/posts\/4884"}],"collection":[{"href":"https:\/\/krankenhauspfarramt.de\/index.php\/wp-json\/wp\/v2\/posts"}],"about":[{"href":"https:\/\/krankenhauspfarramt.de\/index.php\/wp-json\/wp\/v2\/types\/post"}],"author":[{"embeddable":true,"href":"https:\/\/krankenhauspfarramt.de\/index.php\/wp-json\/wp\/v2\/users\/1"}],"replies":[{"embeddable":true,"href":"https:\/\/krankenhauspfarramt.de\/index.php\/wp-json\/wp\/v2\/comments?post=4884"}],"version-history":[{"count":1,"href":"https:\/\/krankenhauspfarramt.de\/index.php\/wp-json\/wp\/v2\/posts\/4884\/revisions"}],"predecessor-version":[{"id":4885,"href":"https:\/\/krankenhauspfarramt.de\/index.php\/wp-json\/wp\/v2\/posts\/4884\/revisions\/4885"}],"wp:featuredmedia":[{"embeddable":true,"href":"https:\/\/krankenhauspfarramt.de\/index.php\/wp-json\/wp\/v2\/media\/569"}],"wp:attachment":[{"href":"https:\/\/krankenhauspfarramt.de\/index.php\/wp-json\/wp\/v2\/media?parent=4884"}],"wp:term":[{"taxonomy":"category","embeddable":true,"href":"https:\/\/krankenhauspfarramt.de\/index.php\/wp-json\/wp\/v2\/categories?post=4884"},{"taxonomy":"post_tag","embeddable":true,"href":"https:\/\/krankenhauspfarramt.de\/index.php\/wp-json\/wp\/v2\/tags?post=4884"}],"curies":[{"name":"wp","href":"https:\/\/api.w.org\/{rel}","templated":true}]}}