{"id":4886,"date":"2022-10-13T17:00:18","date_gmt":"2022-10-13T17:00:18","guid":{"rendered":"https:\/\/krankenhauspfarramt.de\/index.php\/2022\/10\/13\/ekd-delegation-traf-sich-zu-gespraechen-mit-dem-oekumenischen-patriachat-ekd\/"},"modified":"2022-10-13T17:00:20","modified_gmt":"2022-10-13T17:00:20","slug":"ekd-delegation-traf-sich-zu-gespraechen-mit-dem-oekumenischen-patriachat-ekd","status":"publish","type":"post","link":"https:\/\/krankenhauspfarramt.de\/index.php\/2022\/10\/13\/ekd-delegation-traf-sich-zu-gespraechen-mit-dem-oekumenischen-patriachat-ekd\/","title":{"rendered":"EKD-Delegation traf sich zu Gespr\u00e4chen mit dem \u00d6kumenischen Patriachat \u2013 EKD"},"content":{"rendered":"<p> <br \/>\n<\/p>\n<div>\n<p>Zur Er\u00f6ffnung richteten Bisch\u00f6fin Petra Bosse-Huber, Bischof Christian St\u00e4blein (Evangelische Kirche Berlin-Brandenburg-schlesische Oberlausitz), Metropolit Augoustinos und Gesandter Ioannis Ioannidis (Griechische Botschaft) Gru\u00dfworte an die Delegierten. Pr\u00e4ses Annette Kurschus, Ratsvorsitzende der EKD, und Seine Allheiligkeit der \u00d6kumenische Patriarch Bartholomaios I. sandten schriftliche Gru\u00df- und Segensworte. Das Programm der Begegnung wurde bestimmt von drei thematischen Vortragseinheiten, in der jeweils Delegierte der beiden Kirchen sprachen, einer \u00f6kumenischen Bibelarbeit und einem Exkursions- und Begegnungsprogramm in Berlin.<\/p>\n<p>Die einzelnen Tage wurden von einem Morgen- und Abendgebet gerahmt, die abwechselnd durch Vertreterinnen und Vertreter der beiden Kirchen verantwortet wurden. Zum Abschluss der Begegnung unterzeichneten die beiden Delegationsleitenden, Bisch\u00f6fin Petra Bosse-Huber und Metropolit Augoustinos von Deutschland, das gemeinsame Kommuniqu\u00e9 der Begegnung. Dieses gibt Einblick in den Verst\u00e4ndigungsprozess zur Ekklesiologie, der offen ist f\u00fcr eine Beschreibung der Kirche, die auf dem Weg zu ihrer eschatologischen Vollendung ist. Die Erfahrung, dass die beiden Kirchen miteinander auf dem Weg zur eschatologischen Vollendung sind, konkretisiert sich in Zeugnis und Diakonie der Kirche. In Bezug auf die sozialethischen Aussagen des Konzils sprachen sich die Delegationen f\u00fcr ein gemeinsames Verst\u00e4ndnis des Heilsprozesses aus, in dem Gott die Sch\u00f6pfung zum Ziel f\u00fchrt und der Mensch die Gnade in Freude und Dankbarkeit empf\u00e4ngt.<\/p>\n<p>Zum Abschluss der Begegnung sagte Metropolit Augoustinos: \u201eEs war mir verg\u00f6nnt, an fast allen bisherigen Dialogbegegnungen zwischen unseren Kirchen teilzunehmen. In dieser Zeit ist gegenseitige Kenntnis, Vertrauen und Empathie gewachsen. Dies ist in ganz besonderer Weise dieses Mal deutlich geworden, als wir \u00fcber das so wichtige Konzil von Kreta gesprochen haben.\u201c Bisch\u00f6fin Bosse-Huber erg\u00e4nzte: \u201eDiese intensiven \u00f6kumenischen Gespr\u00e4che sind von einer gro\u00dfen Offenheit gepr\u00e4gt worden und haben die Zusammenarbeit unserer Kirchen vertieft und neu belebt.\u201c<\/p>\n<\/p><\/div>\n","protected":false},"excerpt":{"rendered":"<p>Zur Er\u00f6ffnung richteten Bisch\u00f6fin Petra Bosse-Huber, Bischof Christian St\u00e4blein (Evangelische Kirche Berlin-Brandenburg-schlesische Oberlausitz), Metropolit Augoustinos und Gesandter Ioannis Ioannidis (Griechische<\/p>\n","protected":false},"author":1,"featured_media":4887,"comment_status":"closed","ping_status":"closed","sticky":false,"template":"","format":"standard","meta":{"footnotes":""},"categories":[20],"tags":[],"_links":{"self":[{"href":"https:\/\/krankenhauspfarramt.de\/index.php\/wp-json\/wp\/v2\/posts\/4886"}],"collection":[{"href":"https:\/\/krankenhauspfarramt.de\/index.php\/wp-json\/wp\/v2\/posts"}],"about":[{"href":"https:\/\/krankenhauspfarramt.de\/index.php\/wp-json\/wp\/v2\/types\/post"}],"author":[{"embeddable":true,"href":"https:\/\/krankenhauspfarramt.de\/index.php\/wp-json\/wp\/v2\/users\/1"}],"replies":[{"embeddable":true,"href":"https:\/\/krankenhauspfarramt.de\/index.php\/wp-json\/wp\/v2\/comments?post=4886"}],"version-history":[{"count":1,"href":"https:\/\/krankenhauspfarramt.de\/index.php\/wp-json\/wp\/v2\/posts\/4886\/revisions"}],"predecessor-version":[{"id":4888,"href":"https:\/\/krankenhauspfarramt.de\/index.php\/wp-json\/wp\/v2\/posts\/4886\/revisions\/4888"}],"wp:featuredmedia":[{"embeddable":true,"href":"https:\/\/krankenhauspfarramt.de\/index.php\/wp-json\/wp\/v2\/media\/4887"}],"wp:attachment":[{"href":"https:\/\/krankenhauspfarramt.de\/index.php\/wp-json\/wp\/v2\/media?parent=4886"}],"wp:term":[{"taxonomy":"category","embeddable":true,"href":"https:\/\/krankenhauspfarramt.de\/index.php\/wp-json\/wp\/v2\/categories?post=4886"},{"taxonomy":"post_tag","embeddable":true,"href":"https:\/\/krankenhauspfarramt.de\/index.php\/wp-json\/wp\/v2\/tags?post=4886"}],"curies":[{"name":"wp","href":"https:\/\/api.w.org\/{rel}","templated":true}]}}