{"id":4914,"date":"2022-10-25T14:52:57","date_gmt":"2022-10-25T14:52:57","guid":{"rendered":"https:\/\/krankenhauspfarramt.de\/index.php\/2022\/10\/25\/evangelische-kirche-sucht-nach-dem-push-ekd\/"},"modified":"2022-10-25T14:52:58","modified_gmt":"2022-10-25T14:52:58","slug":"evangelische-kirche-sucht-nach-dem-push-ekd","status":"publish","type":"post","link":"https:\/\/krankenhauspfarramt.de\/index.php\/2022\/10\/25\/evangelische-kirche-sucht-nach-dem-push-ekd\/","title":{"rendered":"Evangelische Kirche sucht nach dem Push \u2013 EKD"},"content":{"rendered":"<p> <br \/>\n<\/p>\n<div>\n<p>Die 26-J\u00e4hrige f\u00fchrt seit Fr\u00fchjahr 2021 das Kirchenparlament, neben dem Rat der EKD und der Kirchenkonferenz mit Vertretern und Vertreterinnen aus allen 20 Landeskirchen eines der drei Leitungsorgane der evangelischen Kirche. Die Synode verabschiedet Kirchengesetze, entscheidet \u00fcber den Haushalt der EKD und gibt mit ihren Beschl\u00fcssen auch inhaltliche Richtungen vor.<\/p>\n<p>Zuletzt haben die Synodalen 2020 mit einem Reformpaket wesentliche Wegmarken f\u00fcr die Zukunft gesetzt. Dazu geh\u00f6rten ein Grundsatzpapier zu Auftrag und Aufgaben der evangelischen Kirche sowie eine langfristige Finanz- und Digitalstrategie. Gepr\u00e4gt sind alle \u00dcberlegungen vom Verlust an Kirchenmitgliedern. 2021 sank der Anteil der Bev\u00f6lkerung, der evangelischer oder katholischer Kirche angeh\u00f6rt, auf knapp unter 50 Prozent. 19,7 Millionen Deutsche geh\u00f6ren der j\u00fcngsten Statistik zufolge noch der evangelischen Kirche an.<\/p>\n<p>Hinter den von der vergangenen Synode beschlossenen Reformkurs stellt sich auch Heinrich. Die Strategien und Leits\u00e4tze d\u00fcrften nicht aus dem Blick geraten, sagte sie dem epd. Noch einen \u201ePush\u201c k\u00f6nnte nach ihren Worten die Kommunikation der Kirche mit ihren Mitgliedern bekommen. \u201eDas f\u00e4ngt bei unserer gemeinsamen Erkennbarkeit an und h\u00f6rt bei Datenbanksystemen noch nicht auf\u201c, sagte Heinrich. Eine Rundmail an Mitglieder einer Kirchengemeinde ist heute nicht nur Seltenheit, sie ist wegen nicht vorhandener Daten vielerorts gar nicht m\u00f6glich. Dort gebe es Nachholbedarf: \u201eWir m\u00fcssen besser darin werden, zielgenau und erkennbar auf unterschiedlichsten digitalen Kan\u00e4len mit unseren Mitgliedern zu kommunizieren.\u201c<\/p>\n<p>Vor der Synode wird in diesem Jahr erstmals die im November 2021 gew\u00e4hlte EKD-Ratsvorsitzende Annette Kurschus ihren Bericht abgeben. Nach ihrer Wahl zur h\u00f6chsten Repr\u00e4sentantin der deutschen Protestanten hatte die westf\u00e4lische Pr\u00e4ses das auch f\u00fcr die evangelische Kirche schmerzhafte Thema sexualisierte Gewalt zur Chefinnensache erkl\u00e4rt. Ein halbes Jahr davor scheiterte das Gremium zur Beteiligung Betroffener an Aufkl\u00e4rung und Pr\u00e4vention von Missbrauch und brachte die Kirche in negative Schlagzeilen.<\/p>\n<p>Seit diesem Jahr gibt es das Beteiligungsforum als neues Format, in dem Menschen, die in der evangelischen Kirche oder Diakonie Missbrauch erlitten haben, auf Augenh\u00f6he in Entscheidungen eingebunden werden sollen. Das gilt laut Heinrich, die dem Forum angeh\u00f6rt, auch f\u00fcr die Synode. \u201eWir werden die dazugeh\u00f6rigen Tagesordnungspunkte jetzt immer gemeinsam vorbereiten\u201c, sagt sie. Auch jede Entscheidung des Kirchenparlaments m\u00fcsse im Beteiligungsforum vorbesprochen werden, womit die Synode wie andere Gremien der EKD auch Macht abgibt. Heinrich erwartet, dass das nicht immer einfach sein wird. \u201eWir werden viel aushalten m\u00fcssen\u201c, sagt sie. Aber das sei richtig und wichtig: \u201eIch stehe zu diesem Ansatz, der unsere demokratischen Entscheidungswege mit der direkten Beteiligung Betroffener zusammenbringt.\u201c<\/p>\n<p>Auf der Tagesordnung der Synode in Magdeburg steht auch der kirchliche Klimaschutz. \u201eDie Synode fordert hier schon ein, dass die Kirche auch selbst Ma\u00dfnahmen f\u00fcr mehr Klimaschutz ergreift\u201c, sagt Heinrich und verweist auf die k\u00fcrzlich von EKD und Kirchenkonferenz verabschiedete Klimaschutzrichtline. Eine Ma\u00dfnahme wird f\u00fcr die mehrt\u00e4gige Synode selbst neu sein: Die Delegierten werden zum Mittag weiter zwischen zwei Essen w\u00e4hlen k\u00f6nnen. Beide werden aber vegetarisch sein.\u00a0<\/p>\n<p style=\"text-align:right\"><em>Corinna Buschow (epd)<\/em><\/p>\n<\/p><\/div>\n","protected":false},"excerpt":{"rendered":"<p>Die 26-J\u00e4hrige f\u00fchrt seit Fr\u00fchjahr 2021 das Kirchenparlament, neben dem Rat der EKD und der Kirchenkonferenz mit Vertretern und Vertreterinnen<\/p>\n","protected":false},"author":1,"featured_media":4915,"comment_status":"closed","ping_status":"closed","sticky":false,"template":"","format":"standard","meta":{"footnotes":""},"categories":[20],"tags":[],"_links":{"self":[{"href":"https:\/\/krankenhauspfarramt.de\/index.php\/wp-json\/wp\/v2\/posts\/4914"}],"collection":[{"href":"https:\/\/krankenhauspfarramt.de\/index.php\/wp-json\/wp\/v2\/posts"}],"about":[{"href":"https:\/\/krankenhauspfarramt.de\/index.php\/wp-json\/wp\/v2\/types\/post"}],"author":[{"embeddable":true,"href":"https:\/\/krankenhauspfarramt.de\/index.php\/wp-json\/wp\/v2\/users\/1"}],"replies":[{"embeddable":true,"href":"https:\/\/krankenhauspfarramt.de\/index.php\/wp-json\/wp\/v2\/comments?post=4914"}],"version-history":[{"count":1,"href":"https:\/\/krankenhauspfarramt.de\/index.php\/wp-json\/wp\/v2\/posts\/4914\/revisions"}],"predecessor-version":[{"id":4916,"href":"https:\/\/krankenhauspfarramt.de\/index.php\/wp-json\/wp\/v2\/posts\/4914\/revisions\/4916"}],"wp:featuredmedia":[{"embeddable":true,"href":"https:\/\/krankenhauspfarramt.de\/index.php\/wp-json\/wp\/v2\/media\/4915"}],"wp:attachment":[{"href":"https:\/\/krankenhauspfarramt.de\/index.php\/wp-json\/wp\/v2\/media?parent=4914"}],"wp:term":[{"taxonomy":"category","embeddable":true,"href":"https:\/\/krankenhauspfarramt.de\/index.php\/wp-json\/wp\/v2\/categories?post=4914"},{"taxonomy":"post_tag","embeddable":true,"href":"https:\/\/krankenhauspfarramt.de\/index.php\/wp-json\/wp\/v2\/tags?post=4914"}],"curies":[{"name":"wp","href":"https:\/\/api.w.org\/{rel}","templated":true}]}}