{"id":4917,"date":"2022-10-25T20:02:31","date_gmt":"2022-10-25T20:02:31","guid":{"rendered":"https:\/\/krankenhauspfarramt.de\/index.php\/2022\/10\/25\/an-der-zeit-gemeinsam-etwas-zu-erreichen-ekd\/"},"modified":"2022-10-25T20:02:33","modified_gmt":"2022-10-25T20:02:33","slug":"an-der-zeit-gemeinsam-etwas-zu-erreichen-ekd","status":"publish","type":"post","link":"https:\/\/krankenhauspfarramt.de\/index.php\/2022\/10\/25\/an-der-zeit-gemeinsam-etwas-zu-erreichen-ekd\/","title":{"rendered":"An der Zeit gemeinsam etwas zu erreichen \u2013 EKD"},"content":{"rendered":"<p> <br \/>\n<\/p>\n<div>\n<p>Das Beteiligungsforum hatte im Juli seine Arbeit aufgenommen, nachdem die EKD im vergangenen Jahr die Arbeit des kurz zuvor neu gegr\u00fcndeten Betroffenenbeirats ausgesetzt hatte. Grund daf\u00fcr waren Streitigkeiten \u00fcber Rolle und Ausstattung des Gremiums. Daran hatte es viel Kritik gegeben. In dem neuen Forum sitzen 17 Mitglieder, darunter 9 Kirchenvertreter und 8 Betroffene. F\u00fcr Beschl\u00fcsse bedarf es einer doppelten Mehrheit beider Gruppen.<\/p>\n<p>Zander sagte, aus der Vergangenheit habe man gelernt, dass die Architektur mit zwei einzelnen Gremien &#8211; eines auf kirchlicher Seite und eines auf Betroffenenseite &#8211; nicht funktioniert habe. Das Beteiligungsforum sei ein gemeinsames Projekt, beide Seiten h\u00e4tten dem zugestimmt. \u201eWir arbeiten gut zusammen, hart in der Sache, aber fair im Umgang\u201c, sagte Zander. Gemeinsame Ziele seien die Aufkl\u00e4rung von Taten im Raum der Kirche und Diakonie, Aufarbeitung, Pr\u00e4vention und die Entsch\u00e4digung der Opfer. Sein pers\u00f6nliches Ziel sei es zudem, H\u00e4user der Kirche und Diakonie zu sicheren Orten f\u00fcr Kinder und Jugendliche zu machen.<\/p>\n<p>Das Beteiligungsforum sei die letzte Chance f\u00fcr die Kirche, Aufkl\u00e4rung und Aufarbeitung von Verbrechen in ihrem Bereich anzupacken. Zander betonte, es sei genug gestritten worden, nun sei es Zeit gemeinsam etwas zu erreichen. Er habe dabei die Belange der Betroffenen immer im Blick.<\/p>\n<p>Die dr\u00e4ngendsten Themen seien aus seiner Sicht, das System f\u00fcr die Entsch\u00e4digungen zu reformieren. Jede der 20 Landeskirchen der EKD und die Diakonie gehe anders vor. Zudem m\u00fcsse man heraus aus dem Dunkelfeld, dazu m\u00fcssten Betroffene sich einfacher melden k\u00f6nnen. Die unabh\u00e4ngige Anlaufstelle \u201ehelp\u201c funktioniere nicht richtig, sagte Zander. Zuletzt sei es wichtig, dass die Beschl\u00fcsse des Beteiligungsforums auch umgesetzt w\u00fcrden. Darum solle es auch auf der kommenden Synode der EKD im November in Magdeburg gehen. \u201eIch werde sehr wachsam sein, ob die Beschl\u00fcsse auch umgesetzt werden\u201c, erkl\u00e4rte Zander.<\/p>\n<\/p><\/div>\n","protected":false},"excerpt":{"rendered":"<p>Das Beteiligungsforum hatte im Juli seine Arbeit aufgenommen, nachdem die EKD im vergangenen Jahr die Arbeit des kurz zuvor neu<\/p>\n","protected":false},"author":1,"featured_media":4918,"comment_status":"closed","ping_status":"closed","sticky":false,"template":"","format":"standard","meta":{"footnotes":""},"categories":[20],"tags":[],"_links":{"self":[{"href":"https:\/\/krankenhauspfarramt.de\/index.php\/wp-json\/wp\/v2\/posts\/4917"}],"collection":[{"href":"https:\/\/krankenhauspfarramt.de\/index.php\/wp-json\/wp\/v2\/posts"}],"about":[{"href":"https:\/\/krankenhauspfarramt.de\/index.php\/wp-json\/wp\/v2\/types\/post"}],"author":[{"embeddable":true,"href":"https:\/\/krankenhauspfarramt.de\/index.php\/wp-json\/wp\/v2\/users\/1"}],"replies":[{"embeddable":true,"href":"https:\/\/krankenhauspfarramt.de\/index.php\/wp-json\/wp\/v2\/comments?post=4917"}],"version-history":[{"count":1,"href":"https:\/\/krankenhauspfarramt.de\/index.php\/wp-json\/wp\/v2\/posts\/4917\/revisions"}],"predecessor-version":[{"id":4919,"href":"https:\/\/krankenhauspfarramt.de\/index.php\/wp-json\/wp\/v2\/posts\/4917\/revisions\/4919"}],"wp:featuredmedia":[{"embeddable":true,"href":"https:\/\/krankenhauspfarramt.de\/index.php\/wp-json\/wp\/v2\/media\/4918"}],"wp:attachment":[{"href":"https:\/\/krankenhauspfarramt.de\/index.php\/wp-json\/wp\/v2\/media?parent=4917"}],"wp:term":[{"taxonomy":"category","embeddable":true,"href":"https:\/\/krankenhauspfarramt.de\/index.php\/wp-json\/wp\/v2\/categories?post=4917"},{"taxonomy":"post_tag","embeddable":true,"href":"https:\/\/krankenhauspfarramt.de\/index.php\/wp-json\/wp\/v2\/tags?post=4917"}],"curies":[{"name":"wp","href":"https:\/\/api.w.org\/{rel}","templated":true}]}}