{"id":4920,"date":"2022-10-26T12:03:26","date_gmt":"2022-10-26T12:03:26","guid":{"rendered":"https:\/\/krankenhauspfarramt.de\/index.php\/2022\/10\/26\/digitale-communities-sind-wertvolle-orte-fuer-eine-kirche-der-zukunft-ekd\/"},"modified":"2022-10-26T12:03:28","modified_gmt":"2022-10-26T12:03:28","slug":"digitale-communities-sind-wertvolle-orte-fuer-eine-kirche-der-zukunft-ekd","status":"publish","type":"post","link":"https:\/\/krankenhauspfarramt.de\/index.php\/2022\/10\/26\/digitale-communities-sind-wertvolle-orte-fuer-eine-kirche-der-zukunft-ekd\/","title":{"rendered":"\u201eDigitale Communities sind wertvolle Orte f\u00fcr eine Kirche der Zukunft\u201c \u2013 EKD"},"content":{"rendered":"<p> <br \/>\n<\/p>\n<div id=\"\">\n<div class=\"article--meta article--meta__border clearfix\">\n<p>                                    <time datetime=\"26.10.2022 12:50\" class=\"article--time\">26.10.2022<\/time><\/p>\n<p>                                     <strong class=\"article--type primus--overline\">Pressemitteilung<\/strong><\/p>\n<picture class=\"article--source-image image\"><source srcset=\"https:\/\/www.ekd.de\/ekd_de\/ds_img\/assets\/20170622_ekd-Quellenlogo_141_rdax_423x118.png\"><!--<source srcset=\"\/ekd_de\/ds_img\/assets\/20170622_ekd-Quellenlogo_141_rdax_141x39.png 1x, \/ekd_de\/ds_img\/assets\/20170622_ekd-Quellenlogo_141_rdax_282x78.png 2x, https:\/\/www.ekd.de\/ekd_de\/ds_img\/assets\/20170622_ekd-Quellenlogo_141_rdax_423x118.png 3x\">--><\/p>\n<p>    <\/source><\/picture>\n<\/p><\/div>\n<h2 class=\"article--sub-headline primus--sub-headline\">EKD und midi stellen Pilotstudie zur Followerschaft von christlichen Influencer*innen bei Instagram vor<\/h2>\n<\/p><\/div>\n<div id=\"\">\n<p class=\"EKDAdressdaten\">\u201eDigitale Communities sind kirchliche Orte, an denen wir Zielgruppen erreichen, die wir sonst im kirchlichen Leben oft schmerzlich vermissen: Junge Erwachsene und die junge mittlere Altersgruppe\u201c, so das Mitglied des Rates der Evangelischen Kirche in Deutschland (EKD) Josephine Teske bei der heutigen Vorstellung der Ergebnisse der midi-Studie \u201eDigitale Communities. Eine Pilotstudie zur Followerschaft von christlichen Influencer*innen auf Instagram\u201c.<\/p>\n<p class=\"EKDAdressdaten\">An der Studie, die die \u201eEvangelische Arbeitsstelle f\u00fcr missionarische Kirchenentwicklung und diakonische Profilbildung (midi)\u201c durchgef\u00fchrt hat, hatten mehr als 3000 Follower*innen auf Instagram teilgenommen.<\/p>\n<p class=\"EKDAdressdaten\">\u201eWir haben es mit einer kirchlich hochverbundenen Klientel bei der Followerschaft von christlichen Influencer*innen auf Instagram zu tun, denen vor allem daran gelegen ist, dass die Influencer*innen authentisch im Glauben sind\u201c, sagte die Hamburger Pastorin Teske, die selbst als christliche Influencerin aktiv ist. Dar\u00fcber hinaus zeigen sich auch digitale Potentiale zur Mitgliederorientierung bei Digitalen Communities. \u201eF\u00fcr die Zukunft der Kirche sind Digitale Communities unerl\u00e4ssliche Br\u00fccken zu Mitgliedern und kirchlich Interessierten.\u201c Die Sehnsucht nach Halt und Orientierung, die in den Ergebnissen der Studie zum Ausdruck komme, stimme zuversichtlich, da es digitalen Communities offensichtlich gelingt, das Evangelium authentisch und passgenau zu kommunizieren.<\/p>\n<p class=\"EKDAdressdaten\">Neben den Potentialen f\u00fcr die digitale Mitgliederbindung und -pflege seien auch markante missionarische Potentiale erkennbar, so Daniel H\u00f6rsch, der als Soziallwissenschaftlicher Referent bei midi die Studie leitete.<\/p>\n<p class=\"EKDAdressdaten\">\u201eIm Kern geht es der Followerschaft darum, durch den Content der Influencer*innen zuger\u00fcstet zu werden, sei es spirituell-religi\u00f6s, intellektuell oder alltagsorientiert\u201c, so H\u00f6rsch.<\/p>\n<p class=\"EKDAdressdaten\">Mit der Pilotstudie liegen erstmals im deutschsprachigen Raum substantielle empirische Ergebnisse zur Followerschaft von christlichen Influencer*innen bei Instagram vor. Die Studie wurde in enger Abstimmung mit dem evangelischen yeet-Netzwerk und der Stabsstelle Digitalisierung im EKD-Kirchenamt durchgef\u00fchrt. Befragt wurde die Followerschaft der Influencer*innnen ja.und.amen, pynk_pastor, pastor.engel, Wynschkind, Pfarrerausplastik, Faithpwr, Wasistdermensch, Riegeros, Einschpunk, koerper.poesie, Sara3klang, pastor_vanniekaap und theresaliebt<\/p>\n<p>Die Studie online abrufbar unter www.ekd.de\/digitale-communities.<\/p>\n<p class=\"EKDFlietext\">Hannover, 26. Oktober 2022<\/p>\n<p class=\"EKDFlietext\">Pressestelle der EKD<br \/>Carsten Splitt<\/p>\n<\/div>\n","protected":false},"excerpt":{"rendered":"<p>26.10.2022 Pressemitteilung EKD und midi stellen Pilotstudie zur Followerschaft von christlichen Influencer*innen bei Instagram vor \u201eDigitale Communities sind kirchliche Orte,<\/p>\n","protected":false},"author":1,"featured_media":4921,"comment_status":"closed","ping_status":"closed","sticky":false,"template":"","format":"standard","meta":{"footnotes":""},"categories":[20],"tags":[],"_links":{"self":[{"href":"https:\/\/krankenhauspfarramt.de\/index.php\/wp-json\/wp\/v2\/posts\/4920"}],"collection":[{"href":"https:\/\/krankenhauspfarramt.de\/index.php\/wp-json\/wp\/v2\/posts"}],"about":[{"href":"https:\/\/krankenhauspfarramt.de\/index.php\/wp-json\/wp\/v2\/types\/post"}],"author":[{"embeddable":true,"href":"https:\/\/krankenhauspfarramt.de\/index.php\/wp-json\/wp\/v2\/users\/1"}],"replies":[{"embeddable":true,"href":"https:\/\/krankenhauspfarramt.de\/index.php\/wp-json\/wp\/v2\/comments?post=4920"}],"version-history":[{"count":1,"href":"https:\/\/krankenhauspfarramt.de\/index.php\/wp-json\/wp\/v2\/posts\/4920\/revisions"}],"predecessor-version":[{"id":4922,"href":"https:\/\/krankenhauspfarramt.de\/index.php\/wp-json\/wp\/v2\/posts\/4920\/revisions\/4922"}],"wp:featuredmedia":[{"embeddable":true,"href":"https:\/\/krankenhauspfarramt.de\/index.php\/wp-json\/wp\/v2\/media\/4921"}],"wp:attachment":[{"href":"https:\/\/krankenhauspfarramt.de\/index.php\/wp-json\/wp\/v2\/media?parent=4920"}],"wp:term":[{"taxonomy":"category","embeddable":true,"href":"https:\/\/krankenhauspfarramt.de\/index.php\/wp-json\/wp\/v2\/categories?post=4920"},{"taxonomy":"post_tag","embeddable":true,"href":"https:\/\/krankenhauspfarramt.de\/index.php\/wp-json\/wp\/v2\/tags?post=4920"}],"curies":[{"name":"wp","href":"https:\/\/api.w.org\/{rel}","templated":true}]}}