{"id":4923,"date":"2022-10-26T16:40:36","date_gmt":"2022-10-26T16:40:36","guid":{"rendered":"https:\/\/krankenhauspfarramt.de\/index.php\/2022\/10\/26\/kirchentag-will-ein-viertel-an-co2-emissionen-einsparen-ekd\/"},"modified":"2022-10-26T16:40:40","modified_gmt":"2022-10-26T16:40:40","slug":"kirchentag-will-ein-viertel-an-co2-emissionen-einsparen-ekd","status":"publish","type":"post","link":"https:\/\/krankenhauspfarramt.de\/index.php\/2022\/10\/26\/kirchentag-will-ein-viertel-an-co2-emissionen-einsparen-ekd\/","title":{"rendered":"Kirchentag will ein Viertel an CO2-Emissionen einsparen \u2013 EKD"},"content":{"rendered":"<p> <br \/>\n<\/p>\n<div>\n<p>\u201eDie Bewahrung der Sch\u00f6pfung und der Schutz der Erde f\u00fcr zuk\u00fcnftige Generationen sind schon immer wichtige Ziele des Kirchentages gewesen\u201c, sagte Generalsekret\u00e4rin Kristin Jahn laut Mitteilung. \u201eUmweltschutz und Nachhaltigkeit sind hier nicht nur Themen bei Podiumsdiskussionen, wir fangen bei uns selbst an.\u201c<\/p>\n<p>So gebe es etwa seit dem Kirchentag 1983 in Hannover Veranstaltungstickets mit integriertem \u00d6PNV, sagte Jahn. Seit 2012 verfolge der Kirchentag eine \u00f6kofaire Verpflegungsstrategie, die im Vergleich zu einer konventionellen Verpflegung j\u00e4hrlich etwa ein Drittel an CO2-Emissionen einspare. Au\u00dferdem beziehe der Kirchentag an seinen B\u00fcrostandorten \u00d6kostrom und betreibe unter anderem eine eigene Photovoltaikanlage in Fulda.<\/p>\n<p>Der 38. Deutsche Evangelische Kirchentag findet vom 7. bis 11. Juni 2023 in N\u00fcrnberg statt, auf Einladung der Evangelisch-Lutherischen Kirche in Bayern, der Stadt N\u00fcrnberg und dem Freistaat Bayern. Er steht unter der Losung \u201eJetzt ist die Zeit\u201c (Mk 1,15).<\/p>\n<\/p><\/div>\n","protected":false},"excerpt":{"rendered":"<p>\u201eDie Bewahrung der Sch\u00f6pfung und der Schutz der Erde f\u00fcr zuk\u00fcnftige Generationen sind schon immer wichtige Ziele des Kirchentages gewesen\u201c,<\/p>\n","protected":false},"author":1,"featured_media":4924,"comment_status":"closed","ping_status":"closed","sticky":false,"template":"","format":"standard","meta":{"footnotes":""},"categories":[20],"tags":[],"_links":{"self":[{"href":"https:\/\/krankenhauspfarramt.de\/index.php\/wp-json\/wp\/v2\/posts\/4923"}],"collection":[{"href":"https:\/\/krankenhauspfarramt.de\/index.php\/wp-json\/wp\/v2\/posts"}],"about":[{"href":"https:\/\/krankenhauspfarramt.de\/index.php\/wp-json\/wp\/v2\/types\/post"}],"author":[{"embeddable":true,"href":"https:\/\/krankenhauspfarramt.de\/index.php\/wp-json\/wp\/v2\/users\/1"}],"replies":[{"embeddable":true,"href":"https:\/\/krankenhauspfarramt.de\/index.php\/wp-json\/wp\/v2\/comments?post=4923"}],"version-history":[{"count":1,"href":"https:\/\/krankenhauspfarramt.de\/index.php\/wp-json\/wp\/v2\/posts\/4923\/revisions"}],"predecessor-version":[{"id":4925,"href":"https:\/\/krankenhauspfarramt.de\/index.php\/wp-json\/wp\/v2\/posts\/4923\/revisions\/4925"}],"wp:featuredmedia":[{"embeddable":true,"href":"https:\/\/krankenhauspfarramt.de\/index.php\/wp-json\/wp\/v2\/media\/4924"}],"wp:attachment":[{"href":"https:\/\/krankenhauspfarramt.de\/index.php\/wp-json\/wp\/v2\/media?parent=4923"}],"wp:term":[{"taxonomy":"category","embeddable":true,"href":"https:\/\/krankenhauspfarramt.de\/index.php\/wp-json\/wp\/v2\/categories?post=4923"},{"taxonomy":"post_tag","embeddable":true,"href":"https:\/\/krankenhauspfarramt.de\/index.php\/wp-json\/wp\/v2\/tags?post=4923"}],"curies":[{"name":"wp","href":"https:\/\/api.w.org\/{rel}","templated":true}]}}