{"id":4926,"date":"2022-10-26T20:49:59","date_gmt":"2022-10-26T20:49:59","guid":{"rendered":"https:\/\/krankenhauspfarramt.de\/index.php\/2022\/10\/26\/die-taufe-als-herzstueck-des-christlichen-glaubens-sichtbar-machen-ekd\/"},"modified":"2022-10-26T20:50:00","modified_gmt":"2022-10-26T20:50:00","slug":"die-taufe-als-herzstueck-des-christlichen-glaubens-sichtbar-machen-ekd","status":"publish","type":"post","link":"https:\/\/krankenhauspfarramt.de\/index.php\/2022\/10\/26\/die-taufe-als-herzstueck-des-christlichen-glaubens-sichtbar-machen-ekd\/","title":{"rendered":"Die Taufe als Herzst\u00fcck des christlichen Glaubens sichtbar machen \u2013 EKD"},"content":{"rendered":"<p> <br \/>\n<\/p>\n<div id=\"\">\n<p class=\"EKDFlietext\">\u201eViele Gr\u00fcnde. Ein Segen. Deine Taufe\u201c \u2013 unter diesem Motto steht die Aktion #deinetaufe. \u00a0Die Taufe ist ein Herzst\u00fcck des christlichen Glaubens, das sichtbar und erlebbar werden soll. Ziel ist es, einerseits die Taufe ins Gespr\u00e4ch zu bringen und andererseits die Tauferinnerung stark zu machen und zu zeigen: Wir sind eine Gemeinschaft der Getauften. Zugleich sollen Menschen eingeladen werden, sich \u00fcber ihren Glauben auszutauschen und sich taufen zu lassen.<\/p>\n<p class=\"EKDFlietext\">An der Aktion beteiligen sich alle Gliedkirchen gemeinsam mit der EKD. Zum Beispiel mit Tauffesten, Tauferinnerungsfeiern, regionalen Taufevents, Glaubenskursen, Kita-Projekttagen und vielem anderen mehr. Die Aktion findet schwerpunktm\u00e4\u00dfig am Wochenende rund um den Johannistag (24. Juni 2023) statt. Aber auch davor und danach sind Veranstaltungen hochwillkommen.<\/p>\n<p class=\"EKDFlietext\">Die Aktion lebt von der breiten Beteiligung an vielen Orten. Deshalb sind Gemeinden, Kirchenkreise bzw. Dekanate und die Landeskirchen eingeladen, mitzumachen und Teil der Aktion zu werden. Dabei sind der Kreativit\u00e4t keine Grenzen gesetzt. Von Tauffesten an Fl\u00fcssen und Seen bis hin zu Gespr\u00e4chsabenden zur Taufe und ihren Symbolen ist alles m\u00f6glich. Alle Gemeinden erhalten Anfang November in einem Mailing die Einladung zur Beteiligung an der Aktion.<\/p>\n<p class=\"EKDFlietext\">Die Website www.deinetaufe.de stellt die Aktion vor, b\u00fcndelt Ideen und pr\u00e4sentiert Materialien, die heruntergeladen oder bestellt werden k\u00f6nnen. Dazu z\u00e4hlen zum Beispiel das Logo der Aktion, Material f\u00fcr Gottesdienste oder Projekttage sowie Einladungskarten, Plakate, Fahnen und Banner f\u00fcr die \u00d6ffentlichkeitsarbeit, die eine einheitliche Kommunikation erm\u00f6glichen.<\/p>\n<p class=\"EKDFlietext\">Zum Austausch von Ideen und zum Vernetzen wird es regelm\u00e4\u00dfig einen Zoom-Stammtisch geben. Das erste Treffen ist am 2. November 2022 von 19.00 Uhr bis 20.30 Uhr. Anmeldung unter<\/p>\n<p class=\"EKDFlietext\">https:\/\/ekd.zoom.us\/meeting\/register\/u5ctce2hqzkqHdQCibrrtkxGgzVLz8i56Rvj<\/p>\n<p class=\"EKDFlietext\">Hannover, 26. Oktober 2022<\/p>\n<p class=\"EKDFlietext\">Stabsstelle Kommunikation der EKD<br \/>Bernd Tiggemann<\/p>\n<\/div>\n","protected":false},"excerpt":{"rendered":"<p>\u201eViele Gr\u00fcnde. Ein Segen. Deine Taufe\u201c \u2013 unter diesem Motto steht die Aktion #deinetaufe. \u00a0Die Taufe ist ein Herzst\u00fcck des<\/p>\n","protected":false},"author":1,"featured_media":677,"comment_status":"closed","ping_status":"closed","sticky":false,"template":"","format":"standard","meta":{"footnotes":""},"categories":[20],"tags":[],"_links":{"self":[{"href":"https:\/\/krankenhauspfarramt.de\/index.php\/wp-json\/wp\/v2\/posts\/4926"}],"collection":[{"href":"https:\/\/krankenhauspfarramt.de\/index.php\/wp-json\/wp\/v2\/posts"}],"about":[{"href":"https:\/\/krankenhauspfarramt.de\/index.php\/wp-json\/wp\/v2\/types\/post"}],"author":[{"embeddable":true,"href":"https:\/\/krankenhauspfarramt.de\/index.php\/wp-json\/wp\/v2\/users\/1"}],"replies":[{"embeddable":true,"href":"https:\/\/krankenhauspfarramt.de\/index.php\/wp-json\/wp\/v2\/comments?post=4926"}],"version-history":[{"count":1,"href":"https:\/\/krankenhauspfarramt.de\/index.php\/wp-json\/wp\/v2\/posts\/4926\/revisions"}],"predecessor-version":[{"id":4927,"href":"https:\/\/krankenhauspfarramt.de\/index.php\/wp-json\/wp\/v2\/posts\/4926\/revisions\/4927"}],"wp:featuredmedia":[{"embeddable":true,"href":"https:\/\/krankenhauspfarramt.de\/index.php\/wp-json\/wp\/v2\/media\/677"}],"wp:attachment":[{"href":"https:\/\/krankenhauspfarramt.de\/index.php\/wp-json\/wp\/v2\/media?parent=4926"}],"wp:term":[{"taxonomy":"category","embeddable":true,"href":"https:\/\/krankenhauspfarramt.de\/index.php\/wp-json\/wp\/v2\/categories?post=4926"},{"taxonomy":"post_tag","embeddable":true,"href":"https:\/\/krankenhauspfarramt.de\/index.php\/wp-json\/wp\/v2\/tags?post=4926"}],"curies":[{"name":"wp","href":"https:\/\/api.w.org\/{rel}","templated":true}]}}