{"id":4930,"date":"2022-10-27T05:04:50","date_gmt":"2022-10-27T05:04:50","guid":{"rendered":"https:\/\/krankenhauspfarramt.de\/index.php\/2022\/10\/27\/digitale-communities-sind-wertvolle-orte-fuer-die-kirchen-ekd\/"},"modified":"2022-10-27T05:04:51","modified_gmt":"2022-10-27T05:04:51","slug":"digitale-communities-sind-wertvolle-orte-fuer-die-kirchen-ekd","status":"publish","type":"post","link":"https:\/\/krankenhauspfarramt.de\/index.php\/2022\/10\/27\/digitale-communities-sind-wertvolle-orte-fuer-die-kirchen-ekd\/","title":{"rendered":"Digitale Communities sind &#8222;wertvolle Orte&#8220; f\u00fcr die Kirchen \u2013 EKD"},"content":{"rendered":"<p> <br \/>\n<\/p>\n<div>\n<p>Knapp einer von f\u00fcnf Befragten war zwar Mitglied einer Kirche, habe aber keinen Kontakt zu einer Kirchengemeinde. Das sei als Potenzial zu digitaler Mitgliederpflege aufzufassen. Rund zw\u00f6lf Prozent seien weder Kirchenmitglied, noch in Kontakt zu einer Kirchengemeinde oder religi\u00f6s. Das zeige das missionarische Potenzial digitaler Communities, sagte H\u00f6rsch.<\/p>\n<p>F\u00fcr die Studie wurden im Juli 2022 knapp 2.800 Antworten von Followern 13 christlicher Influencer ausgewertet. 8 der 13 Influencer geh\u00f6ren dem Content-Netzwerk \u201eyeet\u201c an. Erstellt hat die Studie die Evangelische Arbeitsstelle f\u00fcr missionarische Kirchenentwicklung und diakonische Profilbildung (midi) gemeinsam mit der Evangelischen Kirche in Deutschland (EKD).<\/p>\n<p>Das Content-Netzwerk \u201eyeet\u201c ist im Gemeinschaftswerk der Evangelischen Publizistik (GEP) in Frankfurt am Main angesiedelt, das auch die Zentralredaktion des Evangelischen Pressedienstes (epd) tr\u00e4gt.<\/p>\n<\/p><\/div>\n","protected":false},"excerpt":{"rendered":"<p>Knapp einer von f\u00fcnf Befragten war zwar Mitglied einer Kirche, habe aber keinen Kontakt zu einer Kirchengemeinde. Das sei als<\/p>\n","protected":false},"author":1,"featured_media":4931,"comment_status":"closed","ping_status":"closed","sticky":false,"template":"","format":"standard","meta":{"footnotes":""},"categories":[20],"tags":[],"_links":{"self":[{"href":"https:\/\/krankenhauspfarramt.de\/index.php\/wp-json\/wp\/v2\/posts\/4930"}],"collection":[{"href":"https:\/\/krankenhauspfarramt.de\/index.php\/wp-json\/wp\/v2\/posts"}],"about":[{"href":"https:\/\/krankenhauspfarramt.de\/index.php\/wp-json\/wp\/v2\/types\/post"}],"author":[{"embeddable":true,"href":"https:\/\/krankenhauspfarramt.de\/index.php\/wp-json\/wp\/v2\/users\/1"}],"replies":[{"embeddable":true,"href":"https:\/\/krankenhauspfarramt.de\/index.php\/wp-json\/wp\/v2\/comments?post=4930"}],"version-history":[{"count":1,"href":"https:\/\/krankenhauspfarramt.de\/index.php\/wp-json\/wp\/v2\/posts\/4930\/revisions"}],"predecessor-version":[{"id":4932,"href":"https:\/\/krankenhauspfarramt.de\/index.php\/wp-json\/wp\/v2\/posts\/4930\/revisions\/4932"}],"wp:featuredmedia":[{"embeddable":true,"href":"https:\/\/krankenhauspfarramt.de\/index.php\/wp-json\/wp\/v2\/media\/4931"}],"wp:attachment":[{"href":"https:\/\/krankenhauspfarramt.de\/index.php\/wp-json\/wp\/v2\/media?parent=4930"}],"wp:term":[{"taxonomy":"category","embeddable":true,"href":"https:\/\/krankenhauspfarramt.de\/index.php\/wp-json\/wp\/v2\/categories?post=4930"},{"taxonomy":"post_tag","embeddable":true,"href":"https:\/\/krankenhauspfarramt.de\/index.php\/wp-json\/wp\/v2\/tags?post=4930"}],"curies":[{"name":"wp","href":"https:\/\/api.w.org\/{rel}","templated":true}]}}