{"id":4933,"date":"2022-10-27T09:32:55","date_gmt":"2022-10-27T09:32:55","guid":{"rendered":"https:\/\/krankenhauspfarramt.de\/index.php\/2022\/10\/27\/kirchliches-buendnis-uebergibt-klima-petition-an-bundesregierung-ekd\/"},"modified":"2022-10-27T09:32:57","modified_gmt":"2022-10-27T09:32:57","slug":"kirchliches-buendnis-uebergibt-klima-petition-an-bundesregierung-ekd","status":"publish","type":"post","link":"https:\/\/krankenhauspfarramt.de\/index.php\/2022\/10\/27\/kirchliches-buendnis-uebergibt-klima-petition-an-bundesregierung-ekd\/","title":{"rendered":"Kirchliches B\u00fcndnis \u00fcbergibt Klima-Petition an Bundesregierung \u2013 EKD"},"content":{"rendered":"<p> <br \/>\n<\/p>\n<div>\n<p>Das B\u00fcndnis hob hervor, dass die wirtschaftlichen Sch\u00e4den durch die Klimakrise allein in den L\u00e4ndern des Globalen S\u00fcdens ab 2030 auf 290 bis 580 Milliarden Euro j\u00e4hrlich gesch\u00e4tzt werden. Der Abteilungsleiter Politik von \u201eBrot f\u00fcr die Welt\u201c, Klaus Seitz, sagte dem Evangelischen Pressedienst (epd), das B\u00fcndnis erwarte von der Weltklimakonferenz auch, dass die Industriestaaten den \u00e4rmsten und verletzlichsten L\u00e4ndern Unterst\u00fctzung bei der Bew\u00e4ltigung der klimabedingten Sch\u00e4den und Verluste zusagen. Morgan habe dem B\u00fcndnis signalisiert, dass sie grunds\u00e4tzlich die Anliegen teile.<\/p>\n<p>Die Weltklimakonferenz ber\u00e4t vom 6. bis zum 18. November im \u00e4gyptischen Badeort Scharm el Scheich<\/p>\n<\/p><\/div>\n","protected":false},"excerpt":{"rendered":"<p>Das B\u00fcndnis hob hervor, dass die wirtschaftlichen Sch\u00e4den durch die Klimakrise allein in den L\u00e4ndern des Globalen S\u00fcdens ab 2030<\/p>\n","protected":false},"author":1,"featured_media":4934,"comment_status":"closed","ping_status":"closed","sticky":false,"template":"","format":"standard","meta":{"footnotes":""},"categories":[20],"tags":[],"_links":{"self":[{"href":"https:\/\/krankenhauspfarramt.de\/index.php\/wp-json\/wp\/v2\/posts\/4933"}],"collection":[{"href":"https:\/\/krankenhauspfarramt.de\/index.php\/wp-json\/wp\/v2\/posts"}],"about":[{"href":"https:\/\/krankenhauspfarramt.de\/index.php\/wp-json\/wp\/v2\/types\/post"}],"author":[{"embeddable":true,"href":"https:\/\/krankenhauspfarramt.de\/index.php\/wp-json\/wp\/v2\/users\/1"}],"replies":[{"embeddable":true,"href":"https:\/\/krankenhauspfarramt.de\/index.php\/wp-json\/wp\/v2\/comments?post=4933"}],"version-history":[{"count":1,"href":"https:\/\/krankenhauspfarramt.de\/index.php\/wp-json\/wp\/v2\/posts\/4933\/revisions"}],"predecessor-version":[{"id":4935,"href":"https:\/\/krankenhauspfarramt.de\/index.php\/wp-json\/wp\/v2\/posts\/4933\/revisions\/4935"}],"wp:featuredmedia":[{"embeddable":true,"href":"https:\/\/krankenhauspfarramt.de\/index.php\/wp-json\/wp\/v2\/media\/4934"}],"wp:attachment":[{"href":"https:\/\/krankenhauspfarramt.de\/index.php\/wp-json\/wp\/v2\/media?parent=4933"}],"wp:term":[{"taxonomy":"category","embeddable":true,"href":"https:\/\/krankenhauspfarramt.de\/index.php\/wp-json\/wp\/v2\/categories?post=4933"},{"taxonomy":"post_tag","embeddable":true,"href":"https:\/\/krankenhauspfarramt.de\/index.php\/wp-json\/wp\/v2\/tags?post=4933"}],"curies":[{"name":"wp","href":"https:\/\/api.w.org\/{rel}","templated":true}]}}