{"id":4938,"date":"2022-10-28T10:12:28","date_gmt":"2022-10-28T10:12:28","guid":{"rendered":"https:\/\/krankenhauspfarramt.de\/index.php\/2022\/10\/28\/kirche-soll-auch-mit-klimaaktivisten-kooperieren-ekd\/"},"modified":"2022-10-28T10:12:29","modified_gmt":"2022-10-28T10:12:29","slug":"kirche-soll-auch-mit-klimaaktivisten-kooperieren-ekd","status":"publish","type":"post","link":"https:\/\/krankenhauspfarramt.de\/index.php\/2022\/10\/28\/kirche-soll-auch-mit-klimaaktivisten-kooperieren-ekd\/","title":{"rendered":"Kirche soll auch mit Klimaaktivisten kooperieren \u2013 EKD"},"content":{"rendered":"<p> <br \/>\n<\/p>\n<div>\n<p>Die Kirche k\u00f6nne mit ihren Angeboten Hoffnung stiften und Kraft geben f\u00fcr die n\u00e4chste gro\u00dfe Demo, denn Aktivismus sei \u201ehart anstrengend\u201c, sagte die 26-J\u00e4hrige. \u201eDu musst immer nur vorn stehen und sagen, &#8218;wir ver\u00e4ndern die Welt&#8216;, obwohl du vielleicht gar nicht mehr daran glaubst.\u201c In Berlin habe es etwa w\u00e4hrend der Pandemie digitale Andachten f\u00fcr bis zu 2.000 Klimaaktivisten gegeben, um auch mal \u00fcber den Frust zu reden. Viele der Teilnehmer seien sonst mit Kirche eher nicht in Ber\u00fchrung gekommen. \u201eSolche physischen und digitalen Orte brauchen wir viel mehr.\u201c<\/p>\n<p>Ein Beispiel f\u00fcr die gute Netzwerkarbeit der Kirchen sei das B\u00fcndnis \u201eUnited4Rescue\u201c, das sich f\u00fcr eine Pflicht zur Seenotrettung von Fl\u00fcchtlingen einsetzt, gegen eine Kriminalisierung der Retter k\u00e4mpft und faire Asylverfahren und \u201eSichere H\u00e4fen\u201c fordert, sagte Heinrich.<\/p>\n<p>Mit ihren Angeboten m\u00fcsse die Kirche daf\u00fcr sorgen, dass sich unterschiedlichste Menschen willkommen f\u00fchlten, forderte Heinrich. Dabei sei es wichtig, dass Einrichtungen Schwerpunkte setzten und nicht untereinander konkurrierten. In St\u00e4dten k\u00f6nnte eine Gemeinde beispielsweise eher die Seniorenarbeit \u00fcbernehmen, w\u00e4hrend eine andere auf Angebote f\u00fcr junge Familien setze. Auch m\u00fcssten die Gemeinden eine \u201emultilokale Zugeh\u00f6rigkeit\u201c erm\u00f6glichen, damit Menschen je nach Lebensmittelpunkt und Interesse in mehreren Gemeinden beheimatet werden k\u00f6nnte. \u201eDie gr\u00f6\u00dfte Aufgabe der Kirche und ihren Einrichtungen der Zukunft ist ihre Vernetzung im Hintergrund.\u201c<\/p>\n<\/p><\/div>\n","protected":false},"excerpt":{"rendered":"<p>Die Kirche k\u00f6nne mit ihren Angeboten Hoffnung stiften und Kraft geben f\u00fcr die n\u00e4chste gro\u00dfe Demo, denn Aktivismus sei \u201ehart<\/p>\n","protected":false},"author":1,"featured_media":4939,"comment_status":"closed","ping_status":"closed","sticky":false,"template":"","format":"standard","meta":{"footnotes":""},"categories":[20],"tags":[],"_links":{"self":[{"href":"https:\/\/krankenhauspfarramt.de\/index.php\/wp-json\/wp\/v2\/posts\/4938"}],"collection":[{"href":"https:\/\/krankenhauspfarramt.de\/index.php\/wp-json\/wp\/v2\/posts"}],"about":[{"href":"https:\/\/krankenhauspfarramt.de\/index.php\/wp-json\/wp\/v2\/types\/post"}],"author":[{"embeddable":true,"href":"https:\/\/krankenhauspfarramt.de\/index.php\/wp-json\/wp\/v2\/users\/1"}],"replies":[{"embeddable":true,"href":"https:\/\/krankenhauspfarramt.de\/index.php\/wp-json\/wp\/v2\/comments?post=4938"}],"version-history":[{"count":1,"href":"https:\/\/krankenhauspfarramt.de\/index.php\/wp-json\/wp\/v2\/posts\/4938\/revisions"}],"predecessor-version":[{"id":4940,"href":"https:\/\/krankenhauspfarramt.de\/index.php\/wp-json\/wp\/v2\/posts\/4938\/revisions\/4940"}],"wp:featuredmedia":[{"embeddable":true,"href":"https:\/\/krankenhauspfarramt.de\/index.php\/wp-json\/wp\/v2\/media\/4939"}],"wp:attachment":[{"href":"https:\/\/krankenhauspfarramt.de\/index.php\/wp-json\/wp\/v2\/media?parent=4938"}],"wp:term":[{"taxonomy":"category","embeddable":true,"href":"https:\/\/krankenhauspfarramt.de\/index.php\/wp-json\/wp\/v2\/categories?post=4938"},{"taxonomy":"post_tag","embeddable":true,"href":"https:\/\/krankenhauspfarramt.de\/index.php\/wp-json\/wp\/v2\/tags?post=4938"}],"curies":[{"name":"wp","href":"https:\/\/api.w.org\/{rel}","templated":true}]}}