{"id":4949,"date":"2022-10-28T22:17:42","date_gmt":"2022-10-28T22:17:42","guid":{"rendered":"https:\/\/krankenhauspfarramt.de\/index.php\/2022\/10\/28\/hier-findet-ein-ausverkauf-von-werten-statt-ekd\/"},"modified":"2022-10-28T22:17:43","modified_gmt":"2022-10-28T22:17:43","slug":"hier-findet-ein-ausverkauf-von-werten-statt-ekd","status":"publish","type":"post","link":"https:\/\/krankenhauspfarramt.de\/index.php\/2022\/10\/28\/hier-findet-ein-ausverkauf-von-werten-statt-ekd\/","title":{"rendered":"\u201eHier findet ein Ausverkauf von Werten statt\u201c \u2013 EKD"},"content":{"rendered":"<p> <br \/>\n<\/p>\n<div>\n<p><em>Nun liegt die\u00a0Arbeitshilfe \u201eMacht hoch die T\u00fcr, die Tooor macht weit \u2013 Die Fu\u00dfball-WM in Katar in der Adventszeit 2022\u201c\u00a0vor. Was soll sie bewirken?<\/em><\/p>\n<p><strong>Latzel:<\/strong>\u00a0Die Arbeitshilfe sensibilisiert f\u00fcr die vielf\u00e4ltigen Probleme, die mit der WM verbunden sind. Daf\u00fcr gibt es viele Hintergrundinformationen von renommierten Fachleuten aus unterschiedlichen Perspektiven. Zugleich bietet das Heft geistliche Texte, wie in Gottesdiensten oder bei Andachten mit der WM umgegangen werden kann. Dies betrifft ja nicht nur uns als Christinnen und Christen im Advent, sondern auch unsere j\u00fcdischen Schwestern und Br\u00fcder w\u00e4hrend des Chanukka-Festes. Ich freue mich, dass wir in der Brosch\u00fcre dazu auch einen Beitrag aus j\u00fcdischer Sicht haben.<\/p>\n<p><em>M\u00fcssen sich die Kriterien f\u00fcr die Vergabe von sportlichen Gro\u00dfveranstaltungen grunds\u00e4tzlich \u00e4ndern?<\/em><\/p>\n<p><strong>Latzel:<\/strong>\u00a0Ja, unbedingt. Wir brauchen eine breite Diskussion, was f\u00fcr einen Sport wir in unserer Gesellschaft wollen \u2013 und welchen nicht. Die politische Instrumentalisierung von sportlichen Gro\u00dfveranstaltungen ist ebenso problematisch wie die v\u00f6llige Unterordnung von ethischen, sportlichen, aber eben auch religi\u00f6sen Aspekten unter rein \u00f6konomische Anliegen. Hier findet ein Ausverkauf von Werten statt, der letztlich dem Sport massiv schadet und der Idee einer Frieden und Verst\u00e4ndigung f\u00f6rdernden V\u00f6lkerbegegnung entgegenl\u00e4uft. \u00d6kologische Gesichtspunkte, Menschenrechtsfragen und sportliche Aspekte m\u00fcssen wieder entscheidend sein.<\/p>\n<p style=\"text-align:right\"><em>(Quelle:\u00a0ekir.de\/Dominik Asbach)<\/em><\/p>\n<\/p><\/div>\n","protected":false},"excerpt":{"rendered":"<p>Nun liegt die\u00a0Arbeitshilfe \u201eMacht hoch die T\u00fcr, die Tooor macht weit \u2013 Die Fu\u00dfball-WM in Katar in der Adventszeit 2022\u201c\u00a0vor.<\/p>\n","protected":false},"author":1,"featured_media":2805,"comment_status":"closed","ping_status":"closed","sticky":false,"template":"","format":"standard","meta":{"footnotes":""},"categories":[20],"tags":[],"_links":{"self":[{"href":"https:\/\/krankenhauspfarramt.de\/index.php\/wp-json\/wp\/v2\/posts\/4949"}],"collection":[{"href":"https:\/\/krankenhauspfarramt.de\/index.php\/wp-json\/wp\/v2\/posts"}],"about":[{"href":"https:\/\/krankenhauspfarramt.de\/index.php\/wp-json\/wp\/v2\/types\/post"}],"author":[{"embeddable":true,"href":"https:\/\/krankenhauspfarramt.de\/index.php\/wp-json\/wp\/v2\/users\/1"}],"replies":[{"embeddable":true,"href":"https:\/\/krankenhauspfarramt.de\/index.php\/wp-json\/wp\/v2\/comments?post=4949"}],"version-history":[{"count":1,"href":"https:\/\/krankenhauspfarramt.de\/index.php\/wp-json\/wp\/v2\/posts\/4949\/revisions"}],"predecessor-version":[{"id":4950,"href":"https:\/\/krankenhauspfarramt.de\/index.php\/wp-json\/wp\/v2\/posts\/4949\/revisions\/4950"}],"wp:featuredmedia":[{"embeddable":true,"href":"https:\/\/krankenhauspfarramt.de\/index.php\/wp-json\/wp\/v2\/media\/2805"}],"wp:attachment":[{"href":"https:\/\/krankenhauspfarramt.de\/index.php\/wp-json\/wp\/v2\/media?parent=4949"}],"wp:term":[{"taxonomy":"category","embeddable":true,"href":"https:\/\/krankenhauspfarramt.de\/index.php\/wp-json\/wp\/v2\/categories?post=4949"},{"taxonomy":"post_tag","embeddable":true,"href":"https:\/\/krankenhauspfarramt.de\/index.php\/wp-json\/wp\/v2\/tags?post=4949"}],"curies":[{"name":"wp","href":"https:\/\/api.w.org\/{rel}","templated":true}]}}