{"id":4951,"date":"2022-10-29T09:43:46","date_gmt":"2022-10-29T09:43:46","guid":{"rendered":"https:\/\/krankenhauspfarramt.de\/index.php\/2022\/10\/29\/ekd-und-krm-ermuntern-zu-interreligioesen-kooperationen-ekd\/"},"modified":"2022-10-29T09:43:48","modified_gmt":"2022-10-29T09:43:48","slug":"ekd-und-krm-ermuntern-zu-interreligioesen-kooperationen-ekd","status":"publish","type":"post","link":"https:\/\/krankenhauspfarramt.de\/index.php\/2022\/10\/29\/ekd-und-krm-ermuntern-zu-interreligioesen-kooperationen-ekd\/","title":{"rendered":"EKD und KRM ermuntern zu interreligi\u00f6sen Kooperationen \u2013 EKD"},"content":{"rendered":"<p> <br \/>\n<\/p>\n<div id=\"\">\n<div class=\"article--meta article--meta__border clearfix\">\n<p>                                    <time datetime=\"29.10.2022 11:00\" class=\"article--time\">29.10.2022<\/time><\/p>\n<p>                                     <strong class=\"article--type primus--overline\">Pressemitteilung<\/strong><\/p>\n<picture class=\"article--source-image image\"><source srcset=\"https:\/\/www.ekd.de\/ekd_de\/ds_img\/assets\/20170622_ekd-Quellenlogo_141_rdax_423x118.png\"><!--<source srcset=\"\/ekd_de\/ds_img\/assets\/20170622_ekd-Quellenlogo_141_rdax_141x39.png 1x, \/ekd_de\/ds_img\/assets\/20170622_ekd-Quellenlogo_141_rdax_282x78.png 2x, https:\/\/www.ekd.de\/ekd_de\/ds_img\/assets\/20170622_ekd-Quellenlogo_141_rdax_423x118.png 3x\">--><\/p>\n<p>    <\/source><\/picture>\n<\/p><\/div><\/div>\n<div id=\"\">\n<p>Vertreterinnen und Vertreter der Evangelischen Kirche in Deutschland (EKD) und des Koordinationsrates der Muslime (KRM) sind am Freitag in Dortmund zu ihrem j\u00e4hrlichen Austausch zusammengekommen. Im Mittelpunkt des Treffens stand dabei das Thema \u201eArmut und Gerechtigkeit\u201c. Vor dem Hintergrund der aktuellen Entwicklung der Energiekosten und der steigenden Inflation w\u00e4chst die Gefahr, dass viele Menschen in Deutschland an den Rand ihrer Belastungsgrenzen kommen. Man war sich einig, dass die staatliche Unterst\u00fctzung gezielt an diejenigen erfolgen m\u00fcsse, die unter den wirtschaftlichen Entwicklungen besonders leiden.<\/p>\n<p>Religionsgemeinschaften kommen besondere Aufgaben zu, wenn Menschen in Not geraten sind. Es geh\u00f6rt zum zentralen Selbstverst\u00e4ndnis sowohl des Islam als auch des Christentums, die Benachteiligten in der Gesellschaft zu unterst\u00fctzen und ihnen zu einem Leben in W\u00fcrde zu verhelfen. Der Austausch \u00fcber die einschl\u00e4gigen koranischen und biblischen Texte machte deutlich, wie breit das gemeinsame Fundament an dieser Stelle ist. Auch wenn es strukturelle Asymmetrien im Bereich der Wohlfahrtspflege in Deutschland gibt, m\u00f6chten die Vertreter und Vertreterinnen der EKD und des KRM Mut zu mehr interreligi\u00f6sen Kooperationen machen. Es gelte f\u00fcr die etablierten Akteure muslimische Initiativen als potenzielle Partner wahrzunehmen. Umgekehrt werden muslimische Gruppen angeregt, sich um Anschluss an bestehende Arbeitsgruppen zu bem\u00fchen und ihre Beitr\u00e4ge bekannter und sichtbarer zu machen. Durch ein gemeinsames Engagement von Christ*innen und Muslim*innen f\u00fcr die Benachteiligten wird Solidarit\u00e4t nicht nur mit den Schw\u00e4chsten gelebt, sondern dadurch auch das interreligi\u00f6se Miteinander gest\u00e4rkt. Die aktuellen Herausforderungen bieten ein weites Feld f\u00fcr einen Dialog des Handelns. Der Sprecher des KRM Ey\u00fcp Kalyon f\u00fcgte hinzu: \u201eDie Probleme in der Welt \u2013 Krieg, Leid und Not \u2013 fordern uns individuell, gesellschaftlich und auch institutionell vieles ab. Als Religionsgemeinschaften stehen wir jedoch in der Verantwortung, uns mehr Gedanken \u00fcber die sozialen Fragen unserer Zeit, wie Armut und Gerechtigkeit, zu machen und gemeinsam Wege aus den Krisen zu finden. Nur so k\u00f6nnen wir den gottgewollten Frieden in der Menschheitsfamilie weiter vorantreiben.\u201c Die Ratsvorsitzende der EKD Dr. Annette Kurschus machte einen konkreten Vorschlag und sagte: \u201eDie gemeinsame Aktion #W\u00e4rmewinter der EKD und der Diakonie bietet eine gute M\u00f6glichkeit auch f\u00fcr interreligi\u00f6se Kooperationen. Ich w\u00fcrde mich freuen, wenn es an vielen Stellen in Deutschland auch zu einem gemeinsamen Engagement \u00fcber Religionsgrenzen hinweg kommen w\u00fcrde.\u201c Dieser Vorschlag wurde von der muslimischen Seite begr\u00fc\u00dft.<\/p>\n<p>Das Spitzengespr\u00e4ch zwischen EKD und muslimischen Verb\u00e4nden findet seit 2005 mit je wechselnder Gastgeberschaft statt. Weitere Themen des Gespr\u00e4chs waren die Fl\u00fcchtlinge sowie die Klimaschutzrichtlinie der EKD.<\/p>\n<p class=\"EKDAdressdaten\">Hannover, 29. Oktober 2022<\/p>\n<p class=\"EKDAdressdaten\">Pressestelle der EKD<br \/>Carsten Splitt<\/p>\n<\/div>\n","protected":false},"excerpt":{"rendered":"<p>29.10.2022 Pressemitteilung Vertreterinnen und Vertreter der Evangelischen Kirche in Deutschland (EKD) und des Koordinationsrates der Muslime (KRM) sind am Freitag<\/p>\n","protected":false},"author":1,"featured_media":569,"comment_status":"closed","ping_status":"closed","sticky":false,"template":"","format":"standard","meta":{"footnotes":""},"categories":[20],"tags":[],"_links":{"self":[{"href":"https:\/\/krankenhauspfarramt.de\/index.php\/wp-json\/wp\/v2\/posts\/4951"}],"collection":[{"href":"https:\/\/krankenhauspfarramt.de\/index.php\/wp-json\/wp\/v2\/posts"}],"about":[{"href":"https:\/\/krankenhauspfarramt.de\/index.php\/wp-json\/wp\/v2\/types\/post"}],"author":[{"embeddable":true,"href":"https:\/\/krankenhauspfarramt.de\/index.php\/wp-json\/wp\/v2\/users\/1"}],"replies":[{"embeddable":true,"href":"https:\/\/krankenhauspfarramt.de\/index.php\/wp-json\/wp\/v2\/comments?post=4951"}],"version-history":[{"count":1,"href":"https:\/\/krankenhauspfarramt.de\/index.php\/wp-json\/wp\/v2\/posts\/4951\/revisions"}],"predecessor-version":[{"id":4952,"href":"https:\/\/krankenhauspfarramt.de\/index.php\/wp-json\/wp\/v2\/posts\/4951\/revisions\/4952"}],"wp:featuredmedia":[{"embeddable":true,"href":"https:\/\/krankenhauspfarramt.de\/index.php\/wp-json\/wp\/v2\/media\/569"}],"wp:attachment":[{"href":"https:\/\/krankenhauspfarramt.de\/index.php\/wp-json\/wp\/v2\/media?parent=4951"}],"wp:term":[{"taxonomy":"category","embeddable":true,"href":"https:\/\/krankenhauspfarramt.de\/index.php\/wp-json\/wp\/v2\/categories?post=4951"},{"taxonomy":"post_tag","embeddable":true,"href":"https:\/\/krankenhauspfarramt.de\/index.php\/wp-json\/wp\/v2\/tags?post=4951"}],"curies":[{"name":"wp","href":"https:\/\/api.w.org\/{rel}","templated":true}]}}