{"id":4953,"date":"2022-10-30T14:08:18","date_gmt":"2022-10-30T14:08:18","guid":{"rendered":"https:\/\/krankenhauspfarramt.de\/index.php\/2022\/10\/30\/verachtet-verhandlungen-nicht-ekd\/"},"modified":"2022-10-30T14:08:19","modified_gmt":"2022-10-30T14:08:19","slug":"verachtet-verhandlungen-nicht-ekd","status":"publish","type":"post","link":"https:\/\/krankenhauspfarramt.de\/index.php\/2022\/10\/30\/verachtet-verhandlungen-nicht-ekd\/","title":{"rendered":"\u201eVerachtet Verhandlungen nicht\u201c \u2013 EKD"},"content":{"rendered":"<p> <br \/>\n<\/p>\n<div id=\"\">\n<div class=\"article--meta article--meta__border clearfix\">\n<p>                                    <time datetime=\"30.10.2022 11:50\" class=\"article--time\">30.10.2022<\/time><\/p>\n<p>                                     <strong class=\"article--type primus--overline\">Pressemitteilung<\/strong><\/p>\n<picture class=\"article--source-image image\"><source srcset=\"https:\/\/www.ekd.de\/ekd_de\/ds_img\/assets\/20170622_ekd-Quellenlogo_141_rdax_423x118.png\"><!--<source srcset=\"\/ekd_de\/ds_img\/assets\/20170622_ekd-Quellenlogo_141_rdax_141x39.png 1x, \/ekd_de\/ds_img\/assets\/20170622_ekd-Quellenlogo_141_rdax_282x78.png 2x, https:\/\/www.ekd.de\/ekd_de\/ds_img\/assets\/20170622_ekd-Quellenlogo_141_rdax_423x118.png 3x\">--><\/p>\n<p>    <\/source><\/picture>\n<\/p><\/div>\n<h2 class=\"article--sub-headline primus--sub-headline\">In ihrer Predigt in der Wittenberger Schlosskirche ruft Pr\u00e4ses Kurschus zu Waffenstillstandsgespr\u00e4chen f\u00fcr die Ukraine auf<\/h2>\n<\/p><\/div>\n<div id=\"\">\n<p>In ihrer Predigt am Reformationstag 2022 (31. Oktober 2022, 11.30 Uhr) ermutigt die Ratsvorsitzende der Evangelischen Kirche in Deutschland (EKD), Pr\u00e4ses Annette Kurschus, dazu, der Kraft des Wortes im Ukrainekrieg mehr zuzutrauen und Wege zur Deeskalation zu suchen: \u201eDie Alternative zum gerechten Frieden darf doch nicht endloser Krieg sein. Niemals darf Krieg die Politik ersetzen\u201c, so die Ratsvorsitzende am Ursprungsort der Reformation, der Wittenberger Schlosskirche. \u201eDarum: Verachtet Verhandlungen nicht. Glaubt an die Kraft des geistesgegenw\u00e4rtigen Wortes. Traut den kleinsten Schritten etwas zu.\u201c<\/p>\n<p>Kurschus spricht \u00fcber Psalm 46, nach dem Luther sein Lied \u201eEin feste Burg ist unser Gott\u201c dichtete: \u201eDer Psalm von der festen Burg ist ein Text aus dem Gesangbuch Israels, von Kriegserlebnissen und Kriegserinnerungen durchtr\u00e4nkt.\u201c Er sei ein Gebet von Bedr\u00e4ngten und f\u00fcr Bedr\u00e4ngte, die \u201eOpfer eines zerst\u00f6rerischen Angriffs einer feindlichen Gro\u00dfmacht\u201c seien. Die Perspektive des Reformationstags-Psalms, so Kurschus, sei das Schweigen der Waffen: \u201eGott macht den ewigen Kreisl\u00e4ufen der milit\u00e4rischen Aktionen ein Ende und schafft Ruhe. Ein f\u00fcr alle Mal \u2013 das ist die Hoffnung\u201c.<\/p>\n<p>Frieden k\u00f6nne letztlich nur durch das Wort, durch Verhandlungen entstehen, gerade wenn er ein gerechter Friede sein solle. Solche Friedensverhandlungen seien derzeit in weiter Ferne. Umso n\u00f6tiger seien Gespr\u00e4che, die auf einen Waffenstillstand zielen: <strong>\u201e<\/strong>Gott befreit uns davon, perfekte Gerechtigkeit schaffen zu wollen. Wir k\u00f6nnen\u2019s auch gar nicht. Er befreit uns aber dazu mit dem Suchen anzufangen im Wissen, dass nur Gott selbst sie vollenden kann. Und der erste Schritt ist: Die Waffen m\u00fcssen schweigen\u201c, so Kurschus in ihrer Predigt am Reformationstag.<\/p>\n<p>Christinnen und Christen ruft die EKD-Ratsvorsitzende zum Gebet auf: \u201eBetet um Frieden \u2013 um den Frieden, der durch menschliche Vernunft werden kann, und um den Frieden, der h\u00f6her ist als all unsere Vernunft.\u201c<\/p>\n<p><strong>Hintergrund:<\/strong><\/p>\n<p>Am Reformationstag erinnern Protestanten in aller Welt an den Beginn der Reformation durch die Ver\u00f6ffentlichung der 95 Thesen von Martin Luther. Mit seiner Kritik an der Kirche seiner Zeit hat Luther Ver\u00e4nderungen angesto\u00dfen, die sp\u00e4ter zum Entstehen der evangelischen Kirche f\u00fchrten. Der Reformationstag ist Feiertag in neun Bundesl\u00e4ndern, in den evangelischen Kirchen wird mit Gottesdiensten der Ereignisse am 31. Oktober 1517 gedacht.<\/p>\n<p>Hannover, 30. Oktober 2022<\/p>\n<p>Pressestelle der EKD<br \/>Carsten Splitt<\/p>\n<p class=\"EKDFlietext\">\u00a0<\/p>\n<\/div>\n","protected":false},"excerpt":{"rendered":"<p>30.10.2022 Pressemitteilung In ihrer Predigt in der Wittenberger Schlosskirche ruft Pr\u00e4ses Kurschus zu Waffenstillstandsgespr\u00e4chen f\u00fcr die Ukraine auf In ihrer<\/p>\n","protected":false},"author":1,"featured_media":4250,"comment_status":"closed","ping_status":"closed","sticky":false,"template":"","format":"standard","meta":{"footnotes":""},"categories":[20],"tags":[],"_links":{"self":[{"href":"https:\/\/krankenhauspfarramt.de\/index.php\/wp-json\/wp\/v2\/posts\/4953"}],"collection":[{"href":"https:\/\/krankenhauspfarramt.de\/index.php\/wp-json\/wp\/v2\/posts"}],"about":[{"href":"https:\/\/krankenhauspfarramt.de\/index.php\/wp-json\/wp\/v2\/types\/post"}],"author":[{"embeddable":true,"href":"https:\/\/krankenhauspfarramt.de\/index.php\/wp-json\/wp\/v2\/users\/1"}],"replies":[{"embeddable":true,"href":"https:\/\/krankenhauspfarramt.de\/index.php\/wp-json\/wp\/v2\/comments?post=4953"}],"version-history":[{"count":1,"href":"https:\/\/krankenhauspfarramt.de\/index.php\/wp-json\/wp\/v2\/posts\/4953\/revisions"}],"predecessor-version":[{"id":4954,"href":"https:\/\/krankenhauspfarramt.de\/index.php\/wp-json\/wp\/v2\/posts\/4953\/revisions\/4954"}],"wp:featuredmedia":[{"embeddable":true,"href":"https:\/\/krankenhauspfarramt.de\/index.php\/wp-json\/wp\/v2\/media\/4250"}],"wp:attachment":[{"href":"https:\/\/krankenhauspfarramt.de\/index.php\/wp-json\/wp\/v2\/media?parent=4953"}],"wp:term":[{"taxonomy":"category","embeddable":true,"href":"https:\/\/krankenhauspfarramt.de\/index.php\/wp-json\/wp\/v2\/categories?post=4953"},{"taxonomy":"post_tag","embeddable":true,"href":"https:\/\/krankenhauspfarramt.de\/index.php\/wp-json\/wp\/v2\/tags?post=4953"}],"curies":[{"name":"wp","href":"https:\/\/api.w.org\/{rel}","templated":true}]}}