{"id":4955,"date":"2022-11-01T11:37:15","date_gmt":"2022-11-01T11:37:15","guid":{"rendered":"https:\/\/krankenhauspfarramt.de\/index.php\/2022\/11\/01\/kirchen-muessen-seite-an-seite-stehen-ekd\/"},"modified":"2022-11-01T11:37:17","modified_gmt":"2022-11-01T11:37:17","slug":"kirchen-muessen-seite-an-seite-stehen-ekd","status":"publish","type":"post","link":"https:\/\/krankenhauspfarramt.de\/index.php\/2022\/11\/01\/kirchen-muessen-seite-an-seite-stehen-ekd\/","title":{"rendered":"Kirchen m\u00fcssen Seite an Seite stehen \u2013 EKD"},"content":{"rendered":"<p> <br \/>\n<\/p>\n<div>\n<p>Auch die Kirchen selbst seien derzeit von unterschiedlichen Krisen betroffen und damit besch\u00e4ftigt, sagte Kurschus. Dadurch stehe die Bewegung aufeinander zu im Moment nicht so im Vordergrund. \u201eDas ist aber kein Zustand, der so bleiben darf, weil die Welt uns gemeinsam braucht und weil die Krisen zu gro\u00df sind, als dass wir uns jetzt in unserem &#8218;Kirchesein&#8216; mit dogmatischen Fragen l\u00e4hmen d\u00fcrften\u201c, mahnte die EKD-Ratsvorsitzende.<\/p>\n<p>Auf die Frage zu einer m\u00f6glichen Wiedervereinigung von evangelischer und katholischer Kirche erkl\u00e4rte Kurschus, dass Einheit kein \u201efauler Kompromiss\u201c sein d\u00fcrfe, der das Unterscheidende verschweige oder kleinrede. \u201eAber das Trennende darf auch nicht zu einer Mauer werden, die verhindert, dass wir uns miteinander bewegen oder dass wir immer im Gespr\u00e4ch bleiben\u201c, sagte sie. Die Vielfalt in der Einheit sei bereichernd.<\/p>\n<p>F\u00fcr sie pers\u00f6nlich bedeute Reformation, dass Umkehr und Ver\u00e4nderung in jeder Situation m\u00f6glich seien. \u201eDas war es ja, was Martin Luther damals bewirkt hat: dass es einen gro\u00dfen Umbruch nicht nur in der Kirche gab, sondern einen Umbruch, der in die ganze Gesellschaft hinein ausstrahlte.\u201c<\/p>\n<\/p><\/div>\n","protected":false},"excerpt":{"rendered":"<p>Auch die Kirchen selbst seien derzeit von unterschiedlichen Krisen betroffen und damit besch\u00e4ftigt, sagte Kurschus. Dadurch stehe die Bewegung aufeinander<\/p>\n","protected":false},"author":1,"featured_media":4211,"comment_status":"closed","ping_status":"closed","sticky":false,"template":"","format":"standard","meta":{"footnotes":""},"categories":[20],"tags":[],"_links":{"self":[{"href":"https:\/\/krankenhauspfarramt.de\/index.php\/wp-json\/wp\/v2\/posts\/4955"}],"collection":[{"href":"https:\/\/krankenhauspfarramt.de\/index.php\/wp-json\/wp\/v2\/posts"}],"about":[{"href":"https:\/\/krankenhauspfarramt.de\/index.php\/wp-json\/wp\/v2\/types\/post"}],"author":[{"embeddable":true,"href":"https:\/\/krankenhauspfarramt.de\/index.php\/wp-json\/wp\/v2\/users\/1"}],"replies":[{"embeddable":true,"href":"https:\/\/krankenhauspfarramt.de\/index.php\/wp-json\/wp\/v2\/comments?post=4955"}],"version-history":[{"count":1,"href":"https:\/\/krankenhauspfarramt.de\/index.php\/wp-json\/wp\/v2\/posts\/4955\/revisions"}],"predecessor-version":[{"id":4956,"href":"https:\/\/krankenhauspfarramt.de\/index.php\/wp-json\/wp\/v2\/posts\/4955\/revisions\/4956"}],"wp:featuredmedia":[{"embeddable":true,"href":"https:\/\/krankenhauspfarramt.de\/index.php\/wp-json\/wp\/v2\/media\/4211"}],"wp:attachment":[{"href":"https:\/\/krankenhauspfarramt.de\/index.php\/wp-json\/wp\/v2\/media?parent=4955"}],"wp:term":[{"taxonomy":"category","embeddable":true,"href":"https:\/\/krankenhauspfarramt.de\/index.php\/wp-json\/wp\/v2\/categories?post=4955"},{"taxonomy":"post_tag","embeddable":true,"href":"https:\/\/krankenhauspfarramt.de\/index.php\/wp-json\/wp\/v2\/tags?post=4955"}],"curies":[{"name":"wp","href":"https:\/\/api.w.org\/{rel}","templated":true}]}}