{"id":4957,"date":"2022-11-01T14:46:57","date_gmt":"2022-11-01T14:46:57","guid":{"rendered":"https:\/\/krankenhauspfarramt.de\/index.php\/2022\/11\/01\/kirche-des-monats-november-2022-in-leer-ekd\/"},"modified":"2022-11-01T14:47:00","modified_gmt":"2022-11-01T14:47:00","slug":"kirche-des-monats-november-2022-in-leer-ekd","status":"publish","type":"post","link":"https:\/\/krankenhauspfarramt.de\/index.php\/2022\/11\/01\/kirche-des-monats-november-2022-in-leer-ekd\/","title":{"rendered":"\u201eKirche des Monats November 2022\u201c in Leer \u2013 EKD"},"content":{"rendered":"<p> <br \/>\n<\/p>\n<div id=\"\">\n<div class=\"article--meta article--meta__border clearfix\">\n<p>                                    <time datetime=\"01.11.2022 12:00\" class=\"article--time\">01.11.2022<\/time><\/p>\n<p>                                     <strong class=\"article--type primus--overline\">Pressemitteilung<\/strong><\/p>\n<picture class=\"article--source-image image\"><source srcset=\"https:\/\/www.ekd.de\/ekd_de\/ds_img\/assets\/20170622_ekd-Quellenlogo_141_rdax_423x118.png\"><!--<source srcset=\"\/ekd_de\/ds_img\/assets\/20170622_ekd-Quellenlogo_141_rdax_141x39.png 1x, \/ekd_de\/ds_img\/assets\/20170622_ekd-Quellenlogo_141_rdax_282x78.png 2x, https:\/\/www.ekd.de\/ekd_de\/ds_img\/assets\/20170622_ekd-Quellenlogo_141_rdax_423x118.png 3x\">--><\/p>\n<p>    <\/source><\/picture>\n<\/p><\/div>\n<h2 class=\"article--sub-headline primus--sub-headline\">Predigt- und Kulturort im Mittelpunkt der Stadt<\/h2>\n<\/p><\/div>\n<div id=\"\">\n<p>Die Gro\u00dfe Kirche im ostfriesischen Leer ist die \u201eKirche des Monats November 2022\u201c der Stiftung zur Bewahrung kirchlicher Baudenkm\u00e4ler in Deutschland (Stiftung KiBa). Seit 1787 pr\u00e4gt der schlichte, barocke Zentralbau das Stadtbild. Die in diesem Jahr notwendige Sanierung des Gotteshauses unterst\u00fctzt die von der Evangelischen Kirche in Deutschland (EKD) gegr\u00fcndete Stiftung mit 15.000 Euro.<\/p>\n<p>Der Grundriss der Gro\u00dfen Kirche beschreibt ein griechisches Kreuz. Die Kanzel in der Mitte und das Gest\u00fchl, das auf sie ausgerichtet ist, demonstrieren die reformierte Tradition, nach der die Predigt von Gottes Wort im Zentrum des Gottesdienstes steht. Die acht Eckbereiche der Kirche sind durch Kreissegmente gef\u00fcllt, sodass das Geb\u00e4ude statt eines kantigen, einen fast runden und einladenden Charakter hat. Diese bemerkenswerte Bauweise stammt aus den Niederlanden; ein Vorbild war insbesondere die schon im 17. Jahrhundert errichtete Noorderkerk in Amsterdam.<\/p>\n<p>W\u00e4hrend die Gro\u00dfe Kirche ohne Altar, Kreuz und Bilder auskommt, bietet sie eine hervorragende Akustik. Diese macht das Gotteshaus zu einem \u00fcberregional sehr beliebten Ort f\u00fcr Lesungen, Vortr\u00e4ge und Konzerte jeder Art. Saniert werden derzeit das Dach des Geb\u00e4udes \u2013 nach den Vorgaben des Denkmalschutzes sind daf\u00fcr handglasierte Tonhohlpfannen notwendig \u2013 sowie die Fassade und die Kirchenfenster. Die Kosten f\u00fcr die Instandsetzung der Gro\u00dfen Kirche belaufen sich auf rund 550.000 Euro.<\/p>\n<p><em>Die Stiftung zur Bewahrung kirchlicher Baudenkm\u00e4ler in Deutschland (Stiftung KiBa) ist eine Stiftung der EKD und der evangelischen Landeskirchen. Seit 1999 hat sie Zusagen f\u00fcr Sanierungsvorhaben in H\u00f6he von rund 35 Millionen Euro geben k\u00f6nnen. F\u00fcr dieses Jahr hat die KiBa F\u00f6rderzusagen \u00fcber 1,3 Millionen Euro vorgesehen. Rund 3.800 Mitglieder engagieren sich bundesweit im \u201eF\u00f6rderverein der Stiftung KiBa e. V.\u201c Weitere Informationen unter <\/em>www.stiftung-kiba.de<em>.<\/em><\/p>\n<p class=\"EKDFlietext\">Hannover, 1. November 2022<\/p>\n<p class=\"EKDAdressdaten\">Pressestelle der EKD<\/p>\n<\/div>\n","protected":false},"excerpt":{"rendered":"<p>01.11.2022 Pressemitteilung Predigt- und Kulturort im Mittelpunkt der Stadt Die Gro\u00dfe Kirche im ostfriesischen Leer ist die \u201eKirche des Monats<\/p>\n","protected":false},"author":1,"featured_media":4958,"comment_status":"closed","ping_status":"closed","sticky":false,"template":"","format":"standard","meta":{"footnotes":""},"categories":[20],"tags":[],"_links":{"self":[{"href":"https:\/\/krankenhauspfarramt.de\/index.php\/wp-json\/wp\/v2\/posts\/4957"}],"collection":[{"href":"https:\/\/krankenhauspfarramt.de\/index.php\/wp-json\/wp\/v2\/posts"}],"about":[{"href":"https:\/\/krankenhauspfarramt.de\/index.php\/wp-json\/wp\/v2\/types\/post"}],"author":[{"embeddable":true,"href":"https:\/\/krankenhauspfarramt.de\/index.php\/wp-json\/wp\/v2\/users\/1"}],"replies":[{"embeddable":true,"href":"https:\/\/krankenhauspfarramt.de\/index.php\/wp-json\/wp\/v2\/comments?post=4957"}],"version-history":[{"count":1,"href":"https:\/\/krankenhauspfarramt.de\/index.php\/wp-json\/wp\/v2\/posts\/4957\/revisions"}],"predecessor-version":[{"id":4959,"href":"https:\/\/krankenhauspfarramt.de\/index.php\/wp-json\/wp\/v2\/posts\/4957\/revisions\/4959"}],"wp:featuredmedia":[{"embeddable":true,"href":"https:\/\/krankenhauspfarramt.de\/index.php\/wp-json\/wp\/v2\/media\/4958"}],"wp:attachment":[{"href":"https:\/\/krankenhauspfarramt.de\/index.php\/wp-json\/wp\/v2\/media?parent=4957"}],"wp:term":[{"taxonomy":"category","embeddable":true,"href":"https:\/\/krankenhauspfarramt.de\/index.php\/wp-json\/wp\/v2\/categories?post=4957"},{"taxonomy":"post_tag","embeddable":true,"href":"https:\/\/krankenhauspfarramt.de\/index.php\/wp-json\/wp\/v2\/tags?post=4957"}],"curies":[{"name":"wp","href":"https:\/\/api.w.org\/{rel}","templated":true}]}}