{"id":4960,"date":"2022-11-01T15:50:58","date_gmt":"2022-11-01T15:50:58","guid":{"rendered":"https:\/\/krankenhauspfarramt.de\/index.php\/2022\/11\/01\/sportler-sollen-sich-politisch-aeussern-ekd\/"},"modified":"2022-11-01T15:50:59","modified_gmt":"2022-11-01T15:50:59","slug":"sportler-sollen-sich-politisch-aeussern-ekd","status":"publish","type":"post","link":"https:\/\/krankenhauspfarramt.de\/index.php\/2022\/11\/01\/sportler-sollen-sich-politisch-aeussern-ekd\/","title":{"rendered":"Sportler sollen sich politisch \u00e4u\u00dfern \u2013 EKD"},"content":{"rendered":"<p> <br \/>\n<\/p>\n<div>\n<p>So w\u00fcrden in dem Austragungsland der bevorstehenden Fu\u00dfball-Weltmeisterschaft der M\u00e4nner, Katar, Menschenrechte systematisch missachtet, Leiharbeiter ausgebeutet, Frauen de facto zu Menschen zweiter Klasse gemacht und keine Presse- und Religionsfreiheit gew\u00e4hrt. Als Vorbild nannte Neumann die US-amerikanischen Sportlerinnen und Sportler, die seit Jahren laut und kraftvoll gegen die Benachteiligung infolge der Hautfarbe k\u00e4mpften.<\/p>\n<p>Der hessen-nassauische Kirchenpr\u00e4sident Volker Jung rief anl\u00e4sslich des Reformationstages in der Christuskirche zu einer \u201eKultur der F\u00fcrsorglichkeit, der Gerechtigkeit und des Friedens\u201c auf. Er erinnerte in seiner Predigt an die Klimakrise, den Angriffskrieg Russlands gegen die Ukraine, die Missachtung von Menschenrechten in vielen L\u00e4ndern und die zunehmende soziale Spaltung infolge hoher Energiepreise und Inflation. Die Bergpredigt rufe in Erinnerung: \u201eMenschen k\u00f6nnen nicht gut miteinander leben, wenn sie einander nicht respektieren.\u201c<\/p>\n<p>Am 31. Oktober erinnern Protestanten in aller Welt an den Beginn der Reformation und die Gr\u00fcndung der evangelischen Kirche. Am Tag vor Allerheiligen 1517 hatte der Wittenberger M\u00f6nch und Theologieprofessor Martin Luther (1483-1546) seine 95 Thesen zu Ablass und Bu\u00dfe in Umlauf gebracht. Luthers heftige Kritik an der Kirchenpraxis brachte die Reformation ins Rollen.<\/p>\n<\/p><\/div>\n","protected":false},"excerpt":{"rendered":"<p>So w\u00fcrden in dem Austragungsland der bevorstehenden Fu\u00dfball-Weltmeisterschaft der M\u00e4nner, Katar, Menschenrechte systematisch missachtet, Leiharbeiter ausgebeutet, Frauen de facto zu<\/p>\n","protected":false},"author":1,"featured_media":4961,"comment_status":"closed","ping_status":"closed","sticky":false,"template":"","format":"standard","meta":{"footnotes":""},"categories":[20],"tags":[],"_links":{"self":[{"href":"https:\/\/krankenhauspfarramt.de\/index.php\/wp-json\/wp\/v2\/posts\/4960"}],"collection":[{"href":"https:\/\/krankenhauspfarramt.de\/index.php\/wp-json\/wp\/v2\/posts"}],"about":[{"href":"https:\/\/krankenhauspfarramt.de\/index.php\/wp-json\/wp\/v2\/types\/post"}],"author":[{"embeddable":true,"href":"https:\/\/krankenhauspfarramt.de\/index.php\/wp-json\/wp\/v2\/users\/1"}],"replies":[{"embeddable":true,"href":"https:\/\/krankenhauspfarramt.de\/index.php\/wp-json\/wp\/v2\/comments?post=4960"}],"version-history":[{"count":1,"href":"https:\/\/krankenhauspfarramt.de\/index.php\/wp-json\/wp\/v2\/posts\/4960\/revisions"}],"predecessor-version":[{"id":4962,"href":"https:\/\/krankenhauspfarramt.de\/index.php\/wp-json\/wp\/v2\/posts\/4960\/revisions\/4962"}],"wp:featuredmedia":[{"embeddable":true,"href":"https:\/\/krankenhauspfarramt.de\/index.php\/wp-json\/wp\/v2\/media\/4961"}],"wp:attachment":[{"href":"https:\/\/krankenhauspfarramt.de\/index.php\/wp-json\/wp\/v2\/media?parent=4960"}],"wp:term":[{"taxonomy":"category","embeddable":true,"href":"https:\/\/krankenhauspfarramt.de\/index.php\/wp-json\/wp\/v2\/categories?post=4960"},{"taxonomy":"post_tag","embeddable":true,"href":"https:\/\/krankenhauspfarramt.de\/index.php\/wp-json\/wp\/v2\/tags?post=4960"}],"curies":[{"name":"wp","href":"https:\/\/api.w.org\/{rel}","templated":true}]}}