{"id":4963,"date":"2022-11-01T19:54:31","date_gmt":"2022-11-01T19:54:31","guid":{"rendered":"https:\/\/krankenhauspfarramt.de\/index.php\/2022\/11\/01\/kurschus-fordert-bemuehungen-um-waffenstillstand-in-ukraine-ekd\/"},"modified":"2022-11-01T19:54:32","modified_gmt":"2022-11-01T19:54:32","slug":"kurschus-fordert-bemuehungen-um-waffenstillstand-in-ukraine-ekd","status":"publish","type":"post","link":"https:\/\/krankenhauspfarramt.de\/index.php\/2022\/11\/01\/kurschus-fordert-bemuehungen-um-waffenstillstand-in-ukraine-ekd\/","title":{"rendered":"Kurschus fordert Bem\u00fchungen um Waffenstillstand in Ukraine \u2013 EKD"},"content":{"rendered":"<p> <br \/>\n<\/p>\n<div>\n<p>Friedensverhandlungen schienen derzeit in weiter Ferne zu liegen, f\u00fcgte sie in der Wittenberger Schlosskirche laut vorab verbreitetem Predigtmanuskript hinzu. Umso n\u00f6tiger sei jedes Gespr\u00e4ch, das darauf abziele, dass die Waffen schweigen. Verhandlungen seien jedoch nur m\u00f6glich, wenn der Gegner nicht zum Feind oder gar zum Teufel ernannt werde.<\/p>\n<p>Die EKD-Ratsvorsitzende bekr\u00e4ftigte ihre Kritik am Oberhaupt der russisch-orthodoxen Kirche. Der Moskauer Patriarch Kyrill spanne \u201eGott vor Putins Krieg\u201c, betonte sie mit Blick auf die Unterst\u00fctzung der russisch-orthodoxen Kirche f\u00fcr den russischen Pr\u00e4sidenten Wladimir Putin und den Angriffskrieg in der Ukraine. Kirchen seien bereits in der Vergangenheit h\u00e4ufig der Versuchung erlegen, Gott vor den Karren ihrer eigenen kriegerischen Interessen zu spannen, warnte sie unter Hinweis auf den Ersten Weltkrieg.<\/p>\n<\/p><\/div>\n","protected":false},"excerpt":{"rendered":"<p>Friedensverhandlungen schienen derzeit in weiter Ferne zu liegen, f\u00fcgte sie in der Wittenberger Schlosskirche laut vorab verbreitetem Predigtmanuskript hinzu. Umso<\/p>\n","protected":false},"author":1,"featured_media":2077,"comment_status":"closed","ping_status":"closed","sticky":false,"template":"","format":"standard","meta":{"footnotes":""},"categories":[20],"tags":[],"_links":{"self":[{"href":"https:\/\/krankenhauspfarramt.de\/index.php\/wp-json\/wp\/v2\/posts\/4963"}],"collection":[{"href":"https:\/\/krankenhauspfarramt.de\/index.php\/wp-json\/wp\/v2\/posts"}],"about":[{"href":"https:\/\/krankenhauspfarramt.de\/index.php\/wp-json\/wp\/v2\/types\/post"}],"author":[{"embeddable":true,"href":"https:\/\/krankenhauspfarramt.de\/index.php\/wp-json\/wp\/v2\/users\/1"}],"replies":[{"embeddable":true,"href":"https:\/\/krankenhauspfarramt.de\/index.php\/wp-json\/wp\/v2\/comments?post=4963"}],"version-history":[{"count":1,"href":"https:\/\/krankenhauspfarramt.de\/index.php\/wp-json\/wp\/v2\/posts\/4963\/revisions"}],"predecessor-version":[{"id":4964,"href":"https:\/\/krankenhauspfarramt.de\/index.php\/wp-json\/wp\/v2\/posts\/4963\/revisions\/4964"}],"wp:featuredmedia":[{"embeddable":true,"href":"https:\/\/krankenhauspfarramt.de\/index.php\/wp-json\/wp\/v2\/media\/2077"}],"wp:attachment":[{"href":"https:\/\/krankenhauspfarramt.de\/index.php\/wp-json\/wp\/v2\/media?parent=4963"}],"wp:term":[{"taxonomy":"category","embeddable":true,"href":"https:\/\/krankenhauspfarramt.de\/index.php\/wp-json\/wp\/v2\/categories?post=4963"},{"taxonomy":"post_tag","embeddable":true,"href":"https:\/\/krankenhauspfarramt.de\/index.php\/wp-json\/wp\/v2\/tags?post=4963"}],"curies":[{"name":"wp","href":"https:\/\/api.w.org\/{rel}","templated":true}]}}