{"id":4967,"date":"2022-11-02T14:41:21","date_gmt":"2022-11-02T14:41:21","guid":{"rendered":"https:\/\/krankenhauspfarramt.de\/index.php\/2022\/11\/02\/31-10-2022-kirche-der-zukunft-ist-fuer-mich-diese-hoffnungsgemeinschaft\/"},"modified":"2022-11-02T14:41:21","modified_gmt":"2022-11-02T14:41:21","slug":"31-10-2022-kirche-der-zukunft-ist-fuer-mich-diese-hoffnungsgemeinschaft","status":"publish","type":"post","link":"https:\/\/krankenhauspfarramt.de\/index.php\/2022\/11\/02\/31-10-2022-kirche-der-zukunft-ist-fuer-mich-diese-hoffnungsgemeinschaft\/","title":{"rendered":"31.10.2022 \u201eKirche der Zukunft ist f\u00fcr mich diese Hoffnungsgemeinschaft\u201c"},"content":{"rendered":"<p><img decoding=\"async\" src=\"https:\/\/www.elk-wue.de\/\" \/><\/p>\n<div id=\"c39152\">\n<header>\n<h2 class=\"b_is-headline\">\u201eKirche der Zukunft ist f\u00fcr mich diese Hoffnungsgemeinschaft\u201c<\/h2>\n<h3>Landesbischof Gohl predigt am 31. Oktober in der Stuttgarter Stiftskirche<\/h3>\n<\/header>\n<p>Stuttgart. \u201eKirche der Zukunft ist f\u00fcr mich diese Hoffnungsgemeinschaft: Gemeinsam hoffen gegen die Angst. Gemeinsam beten f\u00fcr Frieden und das Ende der Gewalt. Gemeinsam auf Gottes Liebe in einer lieblosen Welt vertrauen. Und als Hoffnungsgemeinschaft dann auch durch konkretes Handeln in diese Welt und Gesellschaft hineinwirken.\u201c So fasst Landesbischof Ernst-Wilhelm Gohl in seiner Predigt am Reformationstag (31. Oktober) um 18:00 Uhr in der Stuttgarter Stiftskirche sein Bild der Kirche zusammen.<\/p>\n<p>In seiner Predigt \u00fcber Psalm 46,2-4 benennt Gohl die gro\u00dfen \u00c4ngste unserer Zeit: \u201eCorona, der Klimawandel, der Krieg in der Ukraine, die Sorge vor dem Einsatz taktischer Atomwaffen. Die Welt droht aus den Fugen zu geraten und das geschieht nicht nur weit, weit weg, sondern mitten bei uns. Im Blick auf viele Gespr\u00e4che und Begegnungen der letzten Monate wei\u00df ich, wie weit diese \u00c4ngste verbreitet sind. Hilft der Rat, sich auf Gott zu berufen? Zu ihm zu beten und ihn zu bitten, diese \u00c4ngste von mir wegzunehmen? Dass das gut und richtig ist, davon bin ich zutiefst \u00fcberzeugt. Aber was, wenn meine Angst so gro\u00df ist, dass sie sogar damit rechnet, dass Gott mir nicht helfen kann? Was, wenn mir das Gebet im Halse stecken bleibt vor lauter \u00dcbel und Ungl\u00fcck? Was, wenn Not eben nicht beten lehrt?\u201c<\/p>\n<p>Gohl betont, dass Angst mehr ist als ein individuelles Gef\u00fchl: \u201eDie Frage der Angst hat auch eine gesellschaftliche Dimension. Wenn vielen Menschen die Angst n\u00e4her ist als Gott, dann wird irgendwann die Angst zur Grundmelodie unserer Gesellschaft.\u201c Und ebenso sei auch die christliche Hoffnung eine Sache der Gemeinschaft: \u201eBislang hatten wir uns mit unserer Angst alleine vor Gott eingerichtet. Aber die Wirklichkeit des Psalmbeters sieht ganz anders aus: Gott ist <em>unsre<\/em> Zuversicht und St\u00e4rke. Es sind die N\u00f6te, die <em>uns<\/em> getroffen haben. Und <em>wir alle<\/em> sind es, die den Weg aus der Angst finden. Der heutige Tag ruft uns ins Ged\u00e4chtnis, dass dieses gemeinsame Beten, dieses Pfeifen im Wald der Angst, der Beginn von Kirche ist. Wie damals, als die J\u00fcnger am ersten Ostertag zusammen hinter verschlossenen T\u00fcren sa\u00dfen, bibbernd und starr vor Zukunftsangst und Jesus mitten unter sie trat, sie st\u00e4rkte und ihnen die Sorge vor der Zukunft nahm. So paradox es klingen mag: Wenn wir so beten und zweifeln, so sind wir gerade so Teil dieser Hoffnungsgemeinschaft, die Kirche von damals bis heute ist.\u201c<\/p>\n<p>Landesbischof Ernst-Wilhelm Gohl feiert den Gottesdienst zum Reformationstag in der Stuttgarter Stiftskirche am 31. Oktober um 18:00 Uhr.<\/p>\n<p>Mit freundlichen Gr\u00fc\u00dfen,<br \/>Dan Peter<br \/>Sprecher der Landeskirche<\/p>\n<p><strong>Hinweis:<\/strong> Den Volltext der Predigt lesen Sie unter www.elk-wue.de\/31102022. Es gilt das gesprochene Wort. Fotos von Landesbischof Ernst-Wilhelm Gohl finden Sie im Pressebereich unserer Webseite.<\/p>\n<\/div>\n","protected":false},"excerpt":{"rendered":"<p>\u201eKirche der Zukunft ist f\u00fcr mich diese Hoffnungsgemeinschaft\u201c Landesbischof Gohl predigt am 31. Oktober in der Stuttgarter Stiftskirche Stuttgart. \u201eKirche<\/p>\n","protected":false},"author":1,"featured_media":0,"comment_status":"closed","ping_status":"closed","sticky":false,"template":"","format":"standard","meta":{"footnotes":""},"categories":[21],"tags":[],"_links":{"self":[{"href":"https:\/\/krankenhauspfarramt.de\/index.php\/wp-json\/wp\/v2\/posts\/4967"}],"collection":[{"href":"https:\/\/krankenhauspfarramt.de\/index.php\/wp-json\/wp\/v2\/posts"}],"about":[{"href":"https:\/\/krankenhauspfarramt.de\/index.php\/wp-json\/wp\/v2\/types\/post"}],"author":[{"embeddable":true,"href":"https:\/\/krankenhauspfarramt.de\/index.php\/wp-json\/wp\/v2\/users\/1"}],"replies":[{"embeddable":true,"href":"https:\/\/krankenhauspfarramt.de\/index.php\/wp-json\/wp\/v2\/comments?post=4967"}],"version-history":[{"count":0,"href":"https:\/\/krankenhauspfarramt.de\/index.php\/wp-json\/wp\/v2\/posts\/4967\/revisions"}],"wp:attachment":[{"href":"https:\/\/krankenhauspfarramt.de\/index.php\/wp-json\/wp\/v2\/media?parent=4967"}],"wp:term":[{"taxonomy":"category","embeddable":true,"href":"https:\/\/krankenhauspfarramt.de\/index.php\/wp-json\/wp\/v2\/categories?post=4967"},{"taxonomy":"post_tag","embeddable":true,"href":"https:\/\/krankenhauspfarramt.de\/index.php\/wp-json\/wp\/v2\/tags?post=4967"}],"curies":[{"name":"wp","href":"https:\/\/api.w.org\/{rel}","templated":true}]}}