{"id":4973,"date":"2022-11-04T00:53:46","date_gmt":"2022-11-04T00:53:46","guid":{"rendered":"https:\/\/krankenhauspfarramt.de\/index.php\/2022\/11\/04\/ekd-friedensbeauftragter-laedt-zu-aktionen-der-friedensdekade-ein-ekd\/"},"modified":"2022-11-04T00:53:48","modified_gmt":"2022-11-04T00:53:48","slug":"ekd-friedensbeauftragter-laedt-zu-aktionen-der-friedensdekade-ein-ekd","status":"publish","type":"post","link":"https:\/\/krankenhauspfarramt.de\/index.php\/2022\/11\/04\/ekd-friedensbeauftragter-laedt-zu-aktionen-der-friedensdekade-ein-ekd\/","title":{"rendered":"EKD-Friedensbeauftragter l\u00e4dt zu Aktionen der Friedensdekade ein \u2013 EKD"},"content":{"rendered":"<p> <br \/>\n<\/p>\n<div>\n<p>Die Friedensdekade steht in diesem Jahr unter dem Motto \u201eZusammenhalt\u201c. Gerade vor dem Hintergrund des Ukraine-Krieges, aber auch angesichts gro\u00dfer globaler Herausforderungen wie der Klimakrise und des Welthungers sei Zusammenhalt umso wichtiger, betonte Kramer. Doch auch innerhalb der Gesellschaft spiele Zusammenhalt eine wichtige Rolle, sagte der Friedensbeauftragte des Rates der Evangelische Kirche in Deutschland (EKD). \u201eDenn nur in gewaltfreien Diskursen lassen sich sinnvolle L\u00f6sungen finden, auch wenn dies nicht immer einfach ist.\u201c<\/p>\n<p>Seit mehr 40 Jahren engagieren sich in der Friedensdekade Christinnen und Christen f\u00fcr Frieden, Gerechtigkeit und die Bewahrung der Sch\u00f6pfung. Die Idee f\u00fcr die Aktion stammt aus den Niederlanden. Tr\u00e4gerorganisationen der \u00d6kumenischen Friedensdekade sind die Aktionsgemeinschaft Dienst f\u00fcr den Frieden (AGDF) und die Arbeitsgemeinschaft Christlicher Kirchen in Deutschland (ACK). Zudem wirken Vertreter der Evangelischen Kirche in Deutschland (EKD) und evangelischer Landeskirchen, evangelisch-freikirchliche und r\u00f6misch-katholische Organisationen mit.<\/p>\n<\/p><\/div>\n","protected":false},"excerpt":{"rendered":"<p>Die Friedensdekade steht in diesem Jahr unter dem Motto \u201eZusammenhalt\u201c. Gerade vor dem Hintergrund des Ukraine-Krieges, aber auch angesichts gro\u00dfer<\/p>\n","protected":false},"author":1,"featured_media":4974,"comment_status":"closed","ping_status":"closed","sticky":false,"template":"","format":"standard","meta":{"footnotes":""},"categories":[20],"tags":[],"_links":{"self":[{"href":"https:\/\/krankenhauspfarramt.de\/index.php\/wp-json\/wp\/v2\/posts\/4973"}],"collection":[{"href":"https:\/\/krankenhauspfarramt.de\/index.php\/wp-json\/wp\/v2\/posts"}],"about":[{"href":"https:\/\/krankenhauspfarramt.de\/index.php\/wp-json\/wp\/v2\/types\/post"}],"author":[{"embeddable":true,"href":"https:\/\/krankenhauspfarramt.de\/index.php\/wp-json\/wp\/v2\/users\/1"}],"replies":[{"embeddable":true,"href":"https:\/\/krankenhauspfarramt.de\/index.php\/wp-json\/wp\/v2\/comments?post=4973"}],"version-history":[{"count":1,"href":"https:\/\/krankenhauspfarramt.de\/index.php\/wp-json\/wp\/v2\/posts\/4973\/revisions"}],"predecessor-version":[{"id":4975,"href":"https:\/\/krankenhauspfarramt.de\/index.php\/wp-json\/wp\/v2\/posts\/4973\/revisions\/4975"}],"wp:featuredmedia":[{"embeddable":true,"href":"https:\/\/krankenhauspfarramt.de\/index.php\/wp-json\/wp\/v2\/media\/4974"}],"wp:attachment":[{"href":"https:\/\/krankenhauspfarramt.de\/index.php\/wp-json\/wp\/v2\/media?parent=4973"}],"wp:term":[{"taxonomy":"category","embeddable":true,"href":"https:\/\/krankenhauspfarramt.de\/index.php\/wp-json\/wp\/v2\/categories?post=4973"},{"taxonomy":"post_tag","embeddable":true,"href":"https:\/\/krankenhauspfarramt.de\/index.php\/wp-json\/wp\/v2\/tags?post=4973"}],"curies":[{"name":"wp","href":"https:\/\/api.w.org\/{rel}","templated":true}]}}