{"id":5006,"date":"2022-11-07T13:52:44","date_gmt":"2022-11-07T13:52:44","guid":{"rendered":"https:\/\/krankenhauspfarramt.de\/index.php\/2022\/11\/07\/grusswort-der-orthodoxen-bischofskonferenz-in-deutschland-an-die-synode-der-ekd-2022-ekd\/"},"modified":"2022-11-07T13:52:45","modified_gmt":"2022-11-07T13:52:45","slug":"grusswort-der-orthodoxen-bischofskonferenz-in-deutschland-an-die-synode-der-ekd-2022-ekd","status":"publish","type":"post","link":"https:\/\/krankenhauspfarramt.de\/index.php\/2022\/11\/07\/grusswort-der-orthodoxen-bischofskonferenz-in-deutschland-an-die-synode-der-ekd-2022-ekd\/","title":{"rendered":"Gru\u00dfwort der Orthodoxen Bischofskonferenz in Deutschland an die Synode der EKD 2022 \u2013 EKD"},"content":{"rendered":"<p> <br \/>\n<\/p>\n<div id=\"\">\n<p>&#8211; unredigierte Fassung &#8211;<\/p>\n<p style=\"text-align:right\"><em>Es gilt das gesprochene Wort<\/em><\/p>\n<p>Liebe Frau Pr\u00e4ses, hohe Synode,<\/p>\n<p>Metropolit Augoustinos, der Vorsitzende der Orthodoxen Bischofskonferenz, schickt Ihnen folgendes Gru\u00dfwort mit seinem Bedauern, nicht pers\u00f6nlich da sein zu k\u00f6nnen. Unter uns gesagt: Er ist 84; da darf man schon etwas k\u00fcrzertreten. Ich zitiere:<\/p>\n<p>\u201eGenau einen Monat nach der 18. Begegnung von Theologen des \u00d6kumenischen Patriarchats und der Evangelischen Kirche in Deutschland, die in Berlin stattfand und turnusgem\u00e4\u00df von der EKD ausgerichtet wurde, darf ich wieder Gast Ihrer Kirche sein, um Ihnen heute die Gr\u00fc\u00dfe und Segensw\u00fcnsche der Orthodoxen Bischofskonferenz in Deutschland, OBKD, das hei\u00dft aller orthodoxen Bisch\u00f6fe dieses Landes, unserer Priester und unserer Gl\u00e4ubigen zu \u00fcber\u00adbringen.<\/p>\n<p>Unsere Dialogbegegnung in Berlin hatte das Thema \u201eUnsere Beziehungen nach dem Gro\u00dfen und Heiligen Konzil von Kreta 2016\u201c, befasste sich also mit einem Aufbruch in der orthodoxen Kirche, der Auswirkungen, wie ich meine, positive Auswirkungen, auch auf unsere \u00f6kumeni\u00adschen Beziehungen gehabt hat und hat. Das ist sicherlich ein hoffnungsvoller Moment in einer Zeit, in der alle unsere Kirchen mit vielf\u00e4ltigen Problemen konfrontiert sind. Damit meine ich jene Themen, die Ihre diesj\u00e4hrige Synode behandeln wird, insbesondere nat\u00fcrlich auch die Haltung unserer Glaubensbr\u00fcder an der Spitze der Russisch-Orthodoxen Kirche, die den Krieg nicht Krieg, die den Angriff nicht Angriff, die die S\u00fcnde nicht S\u00fcnde nennen wollen oder k\u00f6nnen.<\/p>\n<p>Nein, es ist nicht die gesamte Russisch-Orthodoxe Kirche oder gar die gesamte Orthodoxe Kirche, die sich auf einem derartigen Irrweg befindet, wie es der \u00d6kumenische Patriarch Bartholom\u00e4us genannt hat. Die Orthodoxe Kirche in Deutschland hat sich in dieser Angelegen\u00adheit von Anfang an eindeutig positioniert, und wir sind dankbar, dass die \u00fcbrigen Kirchen in Deutschland, also auch die EKD, dies zur Kenntnis genommen haben. Auch dies ist ein Beweis f\u00fcr die guten Beziehungen unserer Kirchen.<\/p>\n<p>Dieser Herbst ist f\u00fcr unsere Kirchen ein \u00f6kumenischer Herbst, nicht im Sinne, dass uns ein \u00f6kumenischer Winter bevorsteht; das werden wir gemeinsam zu verhindern wissen. Ich meine vielmehr, dass wir in diesen Wochen viele \u00f6kumenische Begegnungen, Veranstaltungen hatten und haben, an erster Stelle nat\u00fcrlich die Vollversammlung des \u00d6kumenischen Rates der Kirchen in Karlsruhe Anfang September.<\/p>\n<p>Nun gilt es, die dort aufgezeigten Perspektiven umzusetzen und mit Leben zu erf\u00fcllen. Das wollen wir gemeinsam tun.<\/p>\n<p>In diesem Sinne w\u00fcnsche ich Ihnen eine gesegnete Zeit hier in Magdeburg, gute Beratungen und nat\u00fcrlich eine gl\u00fcckliche Hand bei allen anstehenden Entscheidungen. \u2013 Vielen Dank.\u201c<\/p>\n<p>Soweit das Gru\u00dfwort.<\/p>\n<p>Wenn ich schon das Mikrofon habe, darf ich Ihnen nat\u00fcrlich auch die Gr\u00fc\u00dfe der HKK, der hierzulande kleinen Kirchen, die zum Beispiel in Magdeburg die gegenseitige Taufaner\u00adkennung unterschrieben haben, und auch der anderen Kirchen der ACK \u00fcberbringen.<\/p>\n<p>Um den Gedanken meiner Vorrednerin aufzunehmen: Ich w\u00fcnsche Ihnen f\u00fcr Ihre Beratungen, dass Sie nicht das Haar in der Suppe suchen. Ich w\u00fcnsche Ihnen, dass Sie das Salz finden. Aber achten Sie darauf: Versalzen Sie nicht die Suppe! \u2013 Danke.<\/p>\n<\/div>\n","protected":false},"excerpt":{"rendered":"<p>&#8211; unredigierte Fassung &#8211; Es gilt das gesprochene Wort Liebe Frau Pr\u00e4ses, hohe Synode, Metropolit Augoustinos, der Vorsitzende der Orthodoxen<\/p>\n","protected":false},"author":1,"featured_media":5007,"comment_status":"closed","ping_status":"closed","sticky":false,"template":"","format":"standard","meta":{"footnotes":""},"categories":[20],"tags":[],"_links":{"self":[{"href":"https:\/\/krankenhauspfarramt.de\/index.php\/wp-json\/wp\/v2\/posts\/5006"}],"collection":[{"href":"https:\/\/krankenhauspfarramt.de\/index.php\/wp-json\/wp\/v2\/posts"}],"about":[{"href":"https:\/\/krankenhauspfarramt.de\/index.php\/wp-json\/wp\/v2\/types\/post"}],"author":[{"embeddable":true,"href":"https:\/\/krankenhauspfarramt.de\/index.php\/wp-json\/wp\/v2\/users\/1"}],"replies":[{"embeddable":true,"href":"https:\/\/krankenhauspfarramt.de\/index.php\/wp-json\/wp\/v2\/comments?post=5006"}],"version-history":[{"count":1,"href":"https:\/\/krankenhauspfarramt.de\/index.php\/wp-json\/wp\/v2\/posts\/5006\/revisions"}],"predecessor-version":[{"id":5008,"href":"https:\/\/krankenhauspfarramt.de\/index.php\/wp-json\/wp\/v2\/posts\/5006\/revisions\/5008"}],"wp:featuredmedia":[{"embeddable":true,"href":"https:\/\/krankenhauspfarramt.de\/index.php\/wp-json\/wp\/v2\/media\/5007"}],"wp:attachment":[{"href":"https:\/\/krankenhauspfarramt.de\/index.php\/wp-json\/wp\/v2\/media?parent=5006"}],"wp:term":[{"taxonomy":"category","embeddable":true,"href":"https:\/\/krankenhauspfarramt.de\/index.php\/wp-json\/wp\/v2\/categories?post=5006"},{"taxonomy":"post_tag","embeddable":true,"href":"https:\/\/krankenhauspfarramt.de\/index.php\/wp-json\/wp\/v2\/tags?post=5006"}],"curies":[{"name":"wp","href":"https:\/\/api.w.org\/{rel}","templated":true}]}}