{"id":5012,"date":"2022-11-07T16:53:05","date_gmt":"2022-11-07T16:53:05","guid":{"rendered":"https:\/\/krankenhauspfarramt.de\/index.php\/2022\/11\/07\/es-gibt-keinen-gerechten-krieg-ekd\/"},"modified":"2022-11-07T16:53:06","modified_gmt":"2022-11-07T16:53:06","slug":"es-gibt-keinen-gerechten-krieg-ekd","status":"publish","type":"post","link":"https:\/\/krankenhauspfarramt.de\/index.php\/2022\/11\/07\/es-gibt-keinen-gerechten-krieg-ekd\/","title":{"rendered":"\u201eEs gibt keinen gerechten Krieg\u201c \u2013 EKD"},"content":{"rendered":"<p> <br \/>\n<\/p>\n<div id=\"\">\n<div class=\"article--meta article--meta__border clearfix\">\n<p>                                    <time datetime=\"07.11.2022 17:00\" class=\"article--time\">07.11.2022<\/time><\/p>\n<p>                                     <strong class=\"article--type primus--overline\">Pressemitteilung<\/strong><\/p>\n<picture class=\"article--source-image image\"><source srcset=\"https:\/\/www.ekd.de\/ekd_de\/ds_img\/assets\/20170622_ekd-Quellenlogo_141_rdax_423x118.png\"><!--<source srcset=\"\/ekd_de\/ds_img\/assets\/20170622_ekd-Quellenlogo_141_rdax_141x39.png 1x, \/ekd_de\/ds_img\/assets\/20170622_ekd-Quellenlogo_141_rdax_282x78.png 2x, https:\/\/www.ekd.de\/ekd_de\/ds_img\/assets\/20170622_ekd-Quellenlogo_141_rdax_423x118.png 3x\">--><\/p>\n<p>    <\/source><\/picture>\n<\/p><\/div>\n<h2 class=\"article--sub-headline primus--sub-headline\">Synode der Evangelischen Kirche in Deutschland debattiert \u00fcber Weiterentwicklung friedensethischer Fragen<\/h2>\n<\/p><\/div>\n<div id=\"\">\n<p>In seinem Bericht \u00fcber die Friedensarbeit der Evangelischen Kirche in Deutschland (EKD) hat der Friedensbeauftragte, Landesbischof Friedrich Kramer, vor polarisierenden \u201eSchwarz-Wei\u00df-Mustern\u201c gewarnt. Differenzierung und Vielstimmigkeit \u2013 gerade auch in friedensethischen Fragen \u2013 seien immer schon Kennzeichen der evangelischen Kirche. \u201eDiese zuzulassen und auszuhalten, ist eine ihrer gro\u00dfen St\u00e4rken. \u00a0\u201eAls Kirche k\u00f6nnen und m\u00fcssen wir ein Vorbild daf\u00fcr sein, wie mit dieser Vielstimmigkeit bis hin zu gegens\u00e4tzlichen Sichtweisen konstruktiv umgegangen werden kann\u201c, so Kramer.<\/p>\n<p>\u00c4hnlich hatte sich in Ihrem Ratsbericht am Vortag auch die EKD-Ratsvorsitzende Annette Kurschus ge\u00e4u\u00dfert. Eine Rolle der Kirche sei \u201eDilemmata zu formulieren, wo es vermeintlich nur richtig oder falsch gibt. Ich halte dies f\u00fcr eine immens wichtige, ja friedenstiftende christliche Freiheit, die wir ergreifen m\u00fcssen\u201c, so Kurschus.<\/p>\n<p>Eine Reduzierung der friedensethischen Debatte auf die Fragen der Waffenlieferungen werde der Komplexit\u00e4t der Problematik nicht gerecht, sagte auch Kramer und warb f\u00fcr eine differenzierte friedensethische Debatte. \u00a0\u201eWir kommen nicht schuldlos aus diesen Fragen heraus, weil der Krieg selbst das B\u00f6se ist. Es gibt keinen gerechten Krieg. Und die dringende Frage ist, wie wir aus dem ungerechten Krieg in einen gerechten Frieden kommen k\u00f6nnen.\u201c<\/p>\n<p>Kramer unterstrich die volle Solidarit\u00e4t mit der Ukraine und deren Selbstverteidigungsrecht. Zugleich erinnerte er in seinem Bericht an die Pflicht, den leidenden und fl\u00fcchtenden Menschen der Ukraine beizustehen, sie mit Hilfsg\u00fctern, Unterk\u00fcnften und bei der Aufkl\u00e4rung und Ahndung der Kriegsverbrechen zu unterst\u00fctzen. Ebenso bestehe eine Verantwortung gegen\u00fcber Menschen im globalen S\u00fcden und Osten, die unter den Folgen des Krieges gegen die Ukraine leiden. \u201eAls Christenmenschen haben wir eine Verantwortung und m\u00fcssen uns daf\u00fcr einsetzen, Not und eine extreme Zunahme des Hungers abzuwenden.\u201c, so Kramer.<\/p>\n<p>In der Debatte \u00fcber den Bericht wurde unter anderem die Notwendigkeit betont, Fragen von Krieg und Flucht und Klima st\u00e4rker zusammenzudenken, vor isolationistischen Positionen gewarnt und hervorgehoben, dass der Vernichtungskrieg nicht nur zum Ziel habe, ein Land zu erobern, sondern dabei auch Kultur, Sprache und Identit\u00e4t zerst\u00f6rt.<\/p>\n<p>Der Rat der EKD hatte die Konferenz f\u00fcr Friedensarbeit im M\u00e4rz beauftragt, ein Konzept f\u00fcr die Weiterentwicklung der friedensethischen Grunds\u00e4tze der EKD vorzulegen. Daraufhin hatte diese eine Friedenswerkstatt gegr\u00fcndet, um einen breiten Konsultationsprozess anzusto\u00dfen.<\/p>\n<p>Der gesamte m\u00fcndliche Bericht des Friedensbeauftragten, Landesbischof Friedrich Kramer, ist dieser Pressemitteilung als pdf-Datei beigef\u00fcgt.<br \/>\u00a0<br \/>Die Tagung der EKD-Synode kann im Livestream mitverfolgt werden unter www.ekd.de\/stream.<\/p>\n<p>Magdeburg, 7. November 2022<\/p>\n<p>Pressestelle der EKD<br \/>Carsten Splitt<\/p>\n<p><em>\u00dcber die Synode der EKD: Die Synode der EKD ist neben Rat und Kirchenkonferenz eines der drei Leitungsorgane der EKD. Sie tagt vom 6. bis 9. November in Magdeburg. Nach der Grundordnung der EKD besteht die 13. Synode aus 128 Mitgliedern. Zu den Aufgaben der Synode z\u00e4hlen die Erarbeitung von Kundgebungen und Beschl\u00fcssen zu Fragen der Zeit sowie die Begleitung der Arbeit des Rates der EKD durch Richtlinien. Die Synode ber\u00e4t und beschlie\u00dft aber auch den Haushalt und die Kirchengesetze. Geleitet wird die Synode vom Pr\u00e4sidium unter dem Vorsitz von Pr\u00e4ses Anna-Nicole Heinrich. Sie ist zugleich Mitglied des 15-k\u00f6pfigen Rates der EKD. Vorsitzende des Rates der EKD ist Annette Kurschus. Die EKD ist die Gemeinschaft von 20 lutherischen, reformierten und unierten Landeskirchen. 19,7 Millionen evangelische Christinnen und Christen in Deutschland geh\u00f6ren zu einer der 12.900 Kirchengemeinden.<\/em><\/p>\n<\/div>\n","protected":false},"excerpt":{"rendered":"<p>07.11.2022 Pressemitteilung Synode der Evangelischen Kirche in Deutschland debattiert \u00fcber Weiterentwicklung friedensethischer Fragen In seinem Bericht \u00fcber die Friedensarbeit der<\/p>\n","protected":false},"author":1,"featured_media":569,"comment_status":"closed","ping_status":"closed","sticky":false,"template":"","format":"standard","meta":{"footnotes":""},"categories":[20],"tags":[],"_links":{"self":[{"href":"https:\/\/krankenhauspfarramt.de\/index.php\/wp-json\/wp\/v2\/posts\/5012"}],"collection":[{"href":"https:\/\/krankenhauspfarramt.de\/index.php\/wp-json\/wp\/v2\/posts"}],"about":[{"href":"https:\/\/krankenhauspfarramt.de\/index.php\/wp-json\/wp\/v2\/types\/post"}],"author":[{"embeddable":true,"href":"https:\/\/krankenhauspfarramt.de\/index.php\/wp-json\/wp\/v2\/users\/1"}],"replies":[{"embeddable":true,"href":"https:\/\/krankenhauspfarramt.de\/index.php\/wp-json\/wp\/v2\/comments?post=5012"}],"version-history":[{"count":1,"href":"https:\/\/krankenhauspfarramt.de\/index.php\/wp-json\/wp\/v2\/posts\/5012\/revisions"}],"predecessor-version":[{"id":5013,"href":"https:\/\/krankenhauspfarramt.de\/index.php\/wp-json\/wp\/v2\/posts\/5012\/revisions\/5013"}],"wp:featuredmedia":[{"embeddable":true,"href":"https:\/\/krankenhauspfarramt.de\/index.php\/wp-json\/wp\/v2\/media\/569"}],"wp:attachment":[{"href":"https:\/\/krankenhauspfarramt.de\/index.php\/wp-json\/wp\/v2\/media?parent=5012"}],"wp:term":[{"taxonomy":"category","embeddable":true,"href":"https:\/\/krankenhauspfarramt.de\/index.php\/wp-json\/wp\/v2\/categories?post=5012"},{"taxonomy":"post_tag","embeddable":true,"href":"https:\/\/krankenhauspfarramt.de\/index.php\/wp-json\/wp\/v2\/tags?post=5012"}],"curies":[{"name":"wp","href":"https:\/\/api.w.org\/{rel}","templated":true}]}}