{"id":5024,"date":"2022-11-08T14:16:32","date_gmt":"2022-11-08T14:16:32","guid":{"rendered":"https:\/\/krankenhauspfarramt.de\/index.php\/2022\/11\/08\/bei-klimaschutz-mangelt-es-am-willen-zur-umsetzung-ekd\/"},"modified":"2022-11-08T14:16:34","modified_gmt":"2022-11-08T14:16:34","slug":"bei-klimaschutz-mangelt-es-am-willen-zur-umsetzung-ekd","status":"publish","type":"post","link":"https:\/\/krankenhauspfarramt.de\/index.php\/2022\/11\/08\/bei-klimaschutz-mangelt-es-am-willen-zur-umsetzung-ekd\/","title":{"rendered":"Bei Klimaschutz mangelt es am Willen zur Umsetzung \u2013 EKD"},"content":{"rendered":"<p> <br \/>\n<\/p>\n<div>\n<p style=\"margin-left:0cm; margin-right:0cm\">Nach der im Oktober in Kraft getretenen Richtlinie will die EKD &#8211; analog zum deutschen Klimaziel &#8211; im Jahr 2045 Treibhausgasneutralit\u00e4t erreichen. Bis 2035 sollen bereits 90 Prozent der Emissionen reduziert werden. Bezugspunkt ist daf\u00fcr der 1. Januar 2023. Um das Ziel zu erreichen, soll f\u00fcr kirchliche Geb\u00e4ude und Anlagen k\u00fcnftig ausschlie\u00dflich Strom aus erneuerbaren Energien genutzt werden.<\/p>\n<p style=\"margin-left:0cm; margin-right:0cm\">Auf den Einbau von Heizungen, die Energie aus fossilen Quellen beziehen, soll verzichtet werden. Dienstreisen sollen vorzugsweise mit Z\u00fcgen, E-Autos oder Fahrr\u00e4dern absolviert werden, Kantinen sollen fleischreduzierte sowie aus regionalen und \u00f6kologischen Lebensmitteln zubereitete Mahlzeiten anbieten. Zudem soll eine Fachstelle f\u00fcr Klimaschutz eingerichtet werden.<\/p>\n<\/p><\/div>\n","protected":false},"excerpt":{"rendered":"<p>Nach der im Oktober in Kraft getretenen Richtlinie will die EKD &#8211; analog zum deutschen Klimaziel &#8211; im Jahr 2045<\/p>\n","protected":false},"author":1,"featured_media":5025,"comment_status":"closed","ping_status":"closed","sticky":false,"template":"","format":"standard","meta":{"footnotes":""},"categories":[20],"tags":[],"_links":{"self":[{"href":"https:\/\/krankenhauspfarramt.de\/index.php\/wp-json\/wp\/v2\/posts\/5024"}],"collection":[{"href":"https:\/\/krankenhauspfarramt.de\/index.php\/wp-json\/wp\/v2\/posts"}],"about":[{"href":"https:\/\/krankenhauspfarramt.de\/index.php\/wp-json\/wp\/v2\/types\/post"}],"author":[{"embeddable":true,"href":"https:\/\/krankenhauspfarramt.de\/index.php\/wp-json\/wp\/v2\/users\/1"}],"replies":[{"embeddable":true,"href":"https:\/\/krankenhauspfarramt.de\/index.php\/wp-json\/wp\/v2\/comments?post=5024"}],"version-history":[{"count":1,"href":"https:\/\/krankenhauspfarramt.de\/index.php\/wp-json\/wp\/v2\/posts\/5024\/revisions"}],"predecessor-version":[{"id":5026,"href":"https:\/\/krankenhauspfarramt.de\/index.php\/wp-json\/wp\/v2\/posts\/5024\/revisions\/5026"}],"wp:featuredmedia":[{"embeddable":true,"href":"https:\/\/krankenhauspfarramt.de\/index.php\/wp-json\/wp\/v2\/media\/5025"}],"wp:attachment":[{"href":"https:\/\/krankenhauspfarramt.de\/index.php\/wp-json\/wp\/v2\/media?parent=5024"}],"wp:term":[{"taxonomy":"category","embeddable":true,"href":"https:\/\/krankenhauspfarramt.de\/index.php\/wp-json\/wp\/v2\/categories?post=5024"},{"taxonomy":"post_tag","embeddable":true,"href":"https:\/\/krankenhauspfarramt.de\/index.php\/wp-json\/wp\/v2\/tags?post=5024"}],"curies":[{"name":"wp","href":"https:\/\/api.w.org\/{rel}","templated":true}]}}