{"id":5037,"date":"2022-11-09T14:32:41","date_gmt":"2022-11-09T14:32:41","guid":{"rendered":"https:\/\/krankenhauspfarramt.de\/index.php\/2022\/11\/09\/evangelische-kirche-sucht-gespraech-mit-letzter-generation-ekd\/"},"modified":"2022-11-09T14:32:44","modified_gmt":"2022-11-09T14:32:44","slug":"evangelische-kirche-sucht-gespraech-mit-letzter-generation-ekd","status":"publish","type":"post","link":"https:\/\/krankenhauspfarramt.de\/index.php\/2022\/11\/09\/evangelische-kirche-sucht-gespraech-mit-letzter-generation-ekd\/","title":{"rendered":"Evangelische Kirche sucht Gespr\u00e4ch mit \u201eLetzter Generation\u201c \u2013 EKD"},"content":{"rendered":"<p> <br \/>\n<\/p>\n<div>\n<p>Rund 15 Minuten bekam die Aktivistin das Podium, um ihre Beweggr\u00fcnde und Forderungen vorzutragen. Van Baalen beendete ihre Rede mit dem Satz: \u201eVielen Dank, dass Sie sich solidarisieren.\u201c Ein gr\u00f6\u00dferer Teil der Delegierten des Kirchenparlaments antwortete ihr danach mit stehendem Applaus.<\/p>\n<p>Synodenpr\u00e4ses Anna-Nicole Heinrich rief im Anschluss Politikerinnen und Politiker auf, dem Beispiel der Kirche zu folgen und ebenfalls mit den Klimaaktivsten der \u201eLetzten Generation\u201c ins Gespr\u00e4ch zu kommen. Die Bewegung d\u00fcrfe nicht in eine kriminelle Ecke gestellt werden, wo sie einfach nicht hingeh\u00f6re, sagte die 26 Jahre alte Heinrich vor Journalisten. Ihre Anliegen m\u00fcssten ernst genommen werden. Die Aktivisten stellten ihr eigenes Wohl zur\u00fcck, um \u201egewaltfreien, zivilen Widerstand\u201c zu leisten.<\/p>\n<p>In der vergangenen Woche war nach einem Unfall einer Radfahrerin in Berlin ein Spezialfahrzeug der Feuerwehr in einem mutma\u00dflich von Aktivisten mitverursachten Stau stecken geblieben. Das hatte die Diskussion um die Protestformen der Bewegung erneut befeuert, die Radfahrerin erlag ihren Verletzungen.<\/p>\n<p>Van Baalen rief als Vertreterin der \u201eLetzten Generation\u201c die evangelische Kirche auf, ihre Bewegung und deren Ziele zu unterst\u00fctzen. \u201eWir brauchen die evangelische Kirche auf unserer Seite\u201c, sagte sie. Sie habe die M\u00f6glichkeit, ihre Stimme f\u00fcr die besonders durch den Klimawandel bedrohten Menschen im globalen S\u00fcden zu erheben. Die Kirche m\u00fcsse zudem darauf bestehen, dass die Bundesregierung ihre eigenen Klimaziele einhalte. Die Regierung rede viel, \u201eleider handelt sie nicht entsprechend\u201c, sagte van Baalen.<\/p>\n<p>F\u00fcr die Blockade von Autobahnen entscheide sich die \u201eLetzte Generation\u201c nicht leichtfertig, sagte van Baalen und betonte, dabei werde die Sicherheit aller Beteiligten gew\u00e4hrleistet. \u201eWir haben immer und ausnahmslos eine Rettungsgasse\u201c, sagte sie.<\/p>\n<p>Bei den internationalen Verhandlungen zur Reduktion klimasch\u00e4dlicher Treibhausgase mangelt es nach Ansicht der Bisch\u00f6fin Kristina K\u00fchnbaum-Schmidt am Willen zur Umsetzung. Der Menschheit fehle es nicht an wissenschaftlichen Erkenntnissen zum Klimawandel und Beschl\u00fcssen zu dessen Bek\u00e4mpfung, sagte die Beauftragte der EKD f\u00fcr Sch\u00f6pfungsverantwortung bei der Synodentagung. Was aber fehle, sei der Wille zu verantwortlichem Handeln.<\/p>\n<p>Seit Jahren gebe es ambitionierte Klimaziele, sagte K\u00fchnbaum-Schmidt auch mit Blick auf die derzeit stattfindende UN-Klimakonferenz im \u00e4gyptischen Scharm el Scheich. Der CO2-Aussto\u00df gehe aber nicht zur\u00fcck, sondern steige sogar &#8211; \u201enicht, weil Ziele nicht ambitioniert genug sind, sondern weil die Umsetzung nicht gelingt\u201c, sagte die Bisch\u00f6fin der Nordkirche. Sie vermisst nach eigenen Worten einen \u201eglobalen Gemeinsinn\u201c beim Klimaschutz<\/p>\n<\/p><\/div>\n","protected":false},"excerpt":{"rendered":"<p>Rund 15 Minuten bekam die Aktivistin das Podium, um ihre Beweggr\u00fcnde und Forderungen vorzutragen. Van Baalen beendete ihre Rede mit<\/p>\n","protected":false},"author":1,"featured_media":5038,"comment_status":"closed","ping_status":"closed","sticky":false,"template":"","format":"standard","meta":{"footnotes":""},"categories":[20],"tags":[],"_links":{"self":[{"href":"https:\/\/krankenhauspfarramt.de\/index.php\/wp-json\/wp\/v2\/posts\/5037"}],"collection":[{"href":"https:\/\/krankenhauspfarramt.de\/index.php\/wp-json\/wp\/v2\/posts"}],"about":[{"href":"https:\/\/krankenhauspfarramt.de\/index.php\/wp-json\/wp\/v2\/types\/post"}],"author":[{"embeddable":true,"href":"https:\/\/krankenhauspfarramt.de\/index.php\/wp-json\/wp\/v2\/users\/1"}],"replies":[{"embeddable":true,"href":"https:\/\/krankenhauspfarramt.de\/index.php\/wp-json\/wp\/v2\/comments?post=5037"}],"version-history":[{"count":1,"href":"https:\/\/krankenhauspfarramt.de\/index.php\/wp-json\/wp\/v2\/posts\/5037\/revisions"}],"predecessor-version":[{"id":5039,"href":"https:\/\/krankenhauspfarramt.de\/index.php\/wp-json\/wp\/v2\/posts\/5037\/revisions\/5039"}],"wp:featuredmedia":[{"embeddable":true,"href":"https:\/\/krankenhauspfarramt.de\/index.php\/wp-json\/wp\/v2\/media\/5038"}],"wp:attachment":[{"href":"https:\/\/krankenhauspfarramt.de\/index.php\/wp-json\/wp\/v2\/media?parent=5037"}],"wp:term":[{"taxonomy":"category","embeddable":true,"href":"https:\/\/krankenhauspfarramt.de\/index.php\/wp-json\/wp\/v2\/categories?post=5037"},{"taxonomy":"post_tag","embeddable":true,"href":"https:\/\/krankenhauspfarramt.de\/index.php\/wp-json\/wp\/v2\/tags?post=5037"}],"curies":[{"name":"wp","href":"https:\/\/api.w.org\/{rel}","templated":true}]}}