{"id":5060,"date":"2022-11-15T15:24:00","date_gmt":"2022-11-15T15:24:00","guid":{"rendered":"https:\/\/krankenhauspfarramt.de\/index.php\/2022\/11\/15\/fehler-gehoeren-zum-menschsein-ekd\/"},"modified":"2022-11-15T15:24:01","modified_gmt":"2022-11-15T15:24:01","slug":"fehler-gehoeren-zum-menschsein-ekd","status":"publish","type":"post","link":"https:\/\/krankenhauspfarramt.de\/index.php\/2022\/11\/15\/fehler-gehoeren-zum-menschsein-ekd\/","title":{"rendered":"Fehler geh\u00f6ren zum Menschsein \u2013 EKD"},"content":{"rendered":"<p> <br \/>\n<\/p>\n<div id=\"\">\n<div class=\"article--meta article--meta__border clearfix\">\n<p>                                    <time datetime=\"15.11.2022 15:00\" class=\"article--time\">15.11.2022<\/time><\/p>\n<p>                                     <strong class=\"article--type primus--overline\">Pressemitteilung<\/strong><\/p>\n<picture class=\"article--source-image image\"><source srcset=\"https:\/\/www.ekd.de\/ekd_de\/ds_img\/assets\/20170622_ekd-Quellenlogo_141_rdax_423x118.png\"><!--<source srcset=\"\/ekd_de\/ds_img\/assets\/20170622_ekd-Quellenlogo_141_rdax_141x39.png 1x, \/ekd_de\/ds_img\/assets\/20170622_ekd-Quellenlogo_141_rdax_282x78.png 2x, https:\/\/www.ekd.de\/ekd_de\/ds_img\/assets\/20170622_ekd-Quellenlogo_141_rdax_423x118.png 3x\">--><\/p>\n<p>    <\/source><\/picture>\n<\/p><\/div>\n<h2 class=\"article--sub-headline primus--sub-headline\">Barmherziger Umgang mit Fehlbarkeit gerade in Zeiten von Krisen und Umbr\u00fcchen notwendig <\/h2>\n<\/p><\/div>\n<div id=\"\">\n<p>Anl\u00e4sslich des Bu\u00df- und Bettags am morgigen Mittwoch (16.11.22) hat die Ratsvorsitzende der Evangelischen Kirche in Deutschland (EKD), Annette Kurschus, dazu aufgerufen, barmherzig mit Irrt\u00fcmern und Fehlbarkeit umzugehen.<\/p>\n<p>Niemand traue sich, Fehler zu machen und niemand wage, einen Irrtum zuzugeben, so Kurschus: \u201eDas l\u00e4hmt und besch\u00e4mt und blockiert\u201c. Fehler machen geh\u00f6re jedoch zum Menschsein: \u201eWir irren, wir liegen schief, wir verrennen uns, wir sch\u00e4tzen Situationen falsch ein.\u201c Manchmal bleibe das einigerma\u00dfen folgenlos, manchmal ende es dramatisch, tragisch, unverzeihlich, ob im Politischen oder im Privaten, so die Ratsvorsitzende.<\/p>\n<p>\u201eIn all den schweren Krisen, die uns gerade beuteln, sind gewaltige Umorientierungen von uns verlangt. Sie n\u00f6tigen uns, vieles anders zu sehen und anders zu machen und anders zu verstehen als bisher. Sie zwingen dazu, bisherige Sichtweisen und Meinungen zu korrigieren. Wom\u00f6glich sogar mehrmals. Warum ist das blo\u00df so schwer? Ich beobachte, wie wir es in den gro\u00dfen N\u00f6ten der Gegenwart immer weniger verstehen, aufrichtig und menschlich, ernsthaft und barmherzig mit Irrt\u00fcmern und grunds\u00e4tzlicher Fehlbarkeit umzugehen. Und zwar sowohl mit unseren eigenen Irrt\u00fcmern wie mit der Fehlbarkeit anderer\u201c, so Pr\u00e4ses Kurschus.<\/p>\n<p>Helfen k\u00f6nne dabei aus dem Kreisen um sich selbst herauszutreten, heranzutreten an Gott und ihn zu bitten: \u201eErforsche mich, Gott und erkenne mein Herz; pr\u00fcfe mich und erkenne, wie ich\u2019s meine. Und sieh, ob ich auf b\u00f6sem Wege bin, und leite mich auf ewigem Wege.\u201c (Psalm 139,23-24). Am Ende seien es nicht Algorithmen oder Computerprogramme, die das entscheidende Wort sagen oder die entscheidende Tat vollbringen, sondern Menschen. \u201eHoffentlich solche, die um ihre Fehlbarkeit wissen und Irrt\u00fcmer eingestehen k\u00f6nnen. Vielleicht sogar solche, die sich damit an Gott wenden.\u201c\u00a0<\/p>\n<p>Der Bu\u00df- und Bettag mache Mut, vom eingeschlagenen Weg umzukehren, statt ihn mit zusammengebissenen Z\u00e4hnen weiterzugehen, die gehabte Meinung zu \u00e4ndern, statt sie grimmig zu verteidigen, getroffene Entscheidungen zu \u00fcberdenken, statt sie eisern durchzuziehen. Und dies als Not-wendige St\u00e4rke zu verstehen, so Pr\u00e4ses Kurschus: \u201eMeine Erfahrung ist: Beten hilft dabei. Um Gottes Hilfe bitten. Gott wird h\u00f6ren, Gott wird hinsehen, und Gott wird sich h\u00f6ren lassen, das glaube ich gewiss.\u201c<br \/>Der protestantische Bu\u00df- und Bettag, erstmals 1532 im mittelalterlichen Stra\u00dfburg offiziell eingef\u00fchrt, wurde 1995 zur Finanzierung der Pflegeversicherung in allen Bundesl\u00e4ndern au\u00dfer Sachsen als arbeitsfreier gesetzlicher Feiertag ersatzlos gestrichen. Der Bu\u00dftag hat seinen festen Platz im kirchlichen Festkalender jedoch nicht verloren und ist im Leben vieler Menschen nach wie vor fest verwurzelt.<\/p>\n<p>Weitere Informationen unter www.ekd.de\/busstag und www.busstag.de.<\/p>\n<p>Hannover\/Bielefeld, 15. November 2022<\/p>\n<p>Pressestelle der EKD\u00a0<br \/>Carsten Splitt<br \/>\u00a0<\/p>\n<\/div>\n","protected":false},"excerpt":{"rendered":"<p>15.11.2022 Pressemitteilung Barmherziger Umgang mit Fehlbarkeit gerade in Zeiten von Krisen und Umbr\u00fcchen notwendig Anl\u00e4sslich des Bu\u00df- und Bettags am<\/p>\n","protected":false},"author":1,"featured_media":3000,"comment_status":"closed","ping_status":"closed","sticky":false,"template":"","format":"standard","meta":{"footnotes":""},"categories":[20],"tags":[],"_links":{"self":[{"href":"https:\/\/krankenhauspfarramt.de\/index.php\/wp-json\/wp\/v2\/posts\/5060"}],"collection":[{"href":"https:\/\/krankenhauspfarramt.de\/index.php\/wp-json\/wp\/v2\/posts"}],"about":[{"href":"https:\/\/krankenhauspfarramt.de\/index.php\/wp-json\/wp\/v2\/types\/post"}],"author":[{"embeddable":true,"href":"https:\/\/krankenhauspfarramt.de\/index.php\/wp-json\/wp\/v2\/users\/1"}],"replies":[{"embeddable":true,"href":"https:\/\/krankenhauspfarramt.de\/index.php\/wp-json\/wp\/v2\/comments?post=5060"}],"version-history":[{"count":1,"href":"https:\/\/krankenhauspfarramt.de\/index.php\/wp-json\/wp\/v2\/posts\/5060\/revisions"}],"predecessor-version":[{"id":5061,"href":"https:\/\/krankenhauspfarramt.de\/index.php\/wp-json\/wp\/v2\/posts\/5060\/revisions\/5061"}],"wp:featuredmedia":[{"embeddable":true,"href":"https:\/\/krankenhauspfarramt.de\/index.php\/wp-json\/wp\/v2\/media\/3000"}],"wp:attachment":[{"href":"https:\/\/krankenhauspfarramt.de\/index.php\/wp-json\/wp\/v2\/media?parent=5060"}],"wp:term":[{"taxonomy":"category","embeddable":true,"href":"https:\/\/krankenhauspfarramt.de\/index.php\/wp-json\/wp\/v2\/categories?post=5060"},{"taxonomy":"post_tag","embeddable":true,"href":"https:\/\/krankenhauspfarramt.de\/index.php\/wp-json\/wp\/v2\/tags?post=5060"}],"curies":[{"name":"wp","href":"https:\/\/api.w.org\/{rel}","templated":true}]}}