{"id":5069,"date":"2022-11-16T13:50:56","date_gmt":"2022-11-16T13:50:56","guid":{"rendered":"https:\/\/krankenhauspfarramt.de\/index.php\/2022\/11\/16\/evangelische-kirche-startet-video-kampagne-zur-fussball-wm-in-katar-ekd\/"},"modified":"2022-11-16T13:50:57","modified_gmt":"2022-11-16T13:50:57","slug":"evangelische-kirche-startet-video-kampagne-zur-fussball-wm-in-katar-ekd","status":"publish","type":"post","link":"https:\/\/krankenhauspfarramt.de\/index.php\/2022\/11\/16\/evangelische-kirche-startet-video-kampagne-zur-fussball-wm-in-katar-ekd\/","title":{"rendered":"Evangelische Kirche startet Video-Kampagne zur Fu\u00dfball-WM in Katar \u2013 EKD"},"content":{"rendered":"<p> <br \/>\n<\/p>\n<div>\n<p>Der Pr\u00e4ses der Evangelischen Kirche im Rheinland forderte auch zum gemeinsamen Einsatz f\u00fcr sportliche Gro\u00dfveranstaltungen auf, in denen der Sport im Zentrum stehe. Am Sonntag beginnt die Fu\u00dfball-Weltmeisterschaft der M\u00e4nner im arabischen Emirat Katar. Wegen des Verdachts auf Korruption bei der Vergabe und Menschenrechtsverletzungen beim Bau der WM-Stadien stehen die Fifa und das WM-Land Katar in der Kritik.<\/p>\n<p>Auf der einen Seite, beanspruche die Fifa, die Welt zusammenzubringen, sagte Latzel. \u201eUnd auf der anderen Seite erleben wir in vielen L\u00e4ndern, dass hier Arbeiterrechte, die Rechte von Frauen, von sexuellen Minderheiten, Pressefreiheit, Religionsfreiheit, Meinungsfreiheit, nicht wirklich umgesetzt werden\u201c, sagte der EKD-Sportbeauftragte.<\/p>\n<p>Sp\u00e4testens seit den Olympischen Spielen 1936 im nationalsozialistischen Deutschland wisse man, was \u201eSportswashing\u201c bedeute. Es sei der Versuch eines Landes, \u201esich mit einer sportlichen Gro\u00dfveranstaltung nach au\u00dfen gut darzustellen und so \u00fcber die ethischen Probleme im eigenen Land hinwegzut\u00e4uschen\u201c, erkl\u00e4rte Latzel.<\/p>\n<\/p><\/div>\n","protected":false},"excerpt":{"rendered":"<p>Der Pr\u00e4ses der Evangelischen Kirche im Rheinland forderte auch zum gemeinsamen Einsatz f\u00fcr sportliche Gro\u00dfveranstaltungen auf, in denen der Sport<\/p>\n","protected":false},"author":1,"featured_media":5070,"comment_status":"closed","ping_status":"closed","sticky":false,"template":"","format":"standard","meta":{"footnotes":""},"categories":[20],"tags":[],"_links":{"self":[{"href":"https:\/\/krankenhauspfarramt.de\/index.php\/wp-json\/wp\/v2\/posts\/5069"}],"collection":[{"href":"https:\/\/krankenhauspfarramt.de\/index.php\/wp-json\/wp\/v2\/posts"}],"about":[{"href":"https:\/\/krankenhauspfarramt.de\/index.php\/wp-json\/wp\/v2\/types\/post"}],"author":[{"embeddable":true,"href":"https:\/\/krankenhauspfarramt.de\/index.php\/wp-json\/wp\/v2\/users\/1"}],"replies":[{"embeddable":true,"href":"https:\/\/krankenhauspfarramt.de\/index.php\/wp-json\/wp\/v2\/comments?post=5069"}],"version-history":[{"count":1,"href":"https:\/\/krankenhauspfarramt.de\/index.php\/wp-json\/wp\/v2\/posts\/5069\/revisions"}],"predecessor-version":[{"id":5071,"href":"https:\/\/krankenhauspfarramt.de\/index.php\/wp-json\/wp\/v2\/posts\/5069\/revisions\/5071"}],"wp:featuredmedia":[{"embeddable":true,"href":"https:\/\/krankenhauspfarramt.de\/index.php\/wp-json\/wp\/v2\/media\/5070"}],"wp:attachment":[{"href":"https:\/\/krankenhauspfarramt.de\/index.php\/wp-json\/wp\/v2\/media?parent=5069"}],"wp:term":[{"taxonomy":"category","embeddable":true,"href":"https:\/\/krankenhauspfarramt.de\/index.php\/wp-json\/wp\/v2\/categories?post=5069"},{"taxonomy":"post_tag","embeddable":true,"href":"https:\/\/krankenhauspfarramt.de\/index.php\/wp-json\/wp\/v2\/tags?post=5069"}],"curies":[{"name":"wp","href":"https:\/\/api.w.org\/{rel}","templated":true}]}}