{"id":508,"date":"2020-03-23T12:40:00","date_gmt":"2020-03-23T12:40:00","guid":{"rendered":"https:\/\/krankenhauspfarramt.de\/?p=508"},"modified":"2020-03-23T12:40:14","modified_gmt":"2020-03-23T12:40:14","slug":"29-01-2020-menschen-nachhaltig-erreichen-das-projekt-kirche-elektrisiert-startet","status":"publish","type":"post","link":"https:\/\/krankenhauspfarramt.de\/index.php\/2020\/03\/23\/29-01-2020-menschen-nachhaltig-erreichen-das-projekt-kirche-elektrisiert-startet\/","title":{"rendered":"Menschen nachhaltig erreichen \u2013 Das Projekt \u201eKirche elektrisiert\u201c startet"},"content":{"rendered":"<p>[vc_row][vc_column][vc_column_text text_larger=&#8220;no&#8220;]<\/p>\n<div id=\"c21513\">\n<header>\n<h3 class=\"b_is-headline\">Menschen nachhaltig erreichen \u2013 Das Projekt \u201eKirche elektrisiert\u201c startet<\/h3>\n<h4>Pfarrerschaft und weitere Mitarbeiter der Landeskirche k\u00f6nnen Elektro-Kleinwagen und Pedelecs zu besonderen Konditionen leasen und damit einen Beitrag zum Klimaschutz leisten.<\/h4>\n<\/header>\n<p class=\"Standard-TextDNKLWB\">Stuttgart. Auf die Pl\u00e4tze, fertig, los: Schon bald werden die ersten strombetriebenen Kleinwagen mit dem Schriftzug \u201eKirche elektrisiert\u201c und dem Logo der Evangelischen Landeskirche in W\u00fcrttemberg durchs L\u00e4ndle flitzen. Den offiziellen Projektauftakt setzte die Landeskirche mit einer Kick-off-Veranstaltung am Mittwoch, 29. Januar, bei der sie \u201eKirche elektrisiert\u201c \u00f6ffentlich vorstellte.<\/p>\n<p class=\"Standard-TextDNKLWB\">Damit die Menschen in Zukunft noch nachhaltiger erreicht werden, k\u00f6nnen ab sofort zwei E-Fahrzeugmodelle g\u00fcnstig geleast werden: der VW E-Up und der Renault Zoe. Weitere Typen elektrifizierter Klein- und Mittelklassewagen sollen das Angebot sp\u00e4ter erg\u00e4nzen.<\/p>\n<p class=\"Standard-TextDNKLWB\">Au\u00dferdem bietet die Firma Bikeleasing aus dem nieders\u00e4chsischen Uslar Pedelecs an; geplant ist hier eine Finanzierung mittels Entgeltumwandlung beziehungsweise Bruttogehaltsverzicht.<\/p>\n<p class=\"Standard-TextDNKLWB\">Mit \u201eKirche elektrisiert\u201c betritt die w\u00fcrttembergisches Landeskirche Neuland. Das in dieser Form bislang einzigartige Projekt hat bereits das Interesse weiterer Landeskirchen geweckt.<\/p>\n<p class=\"Standard-TextDNKLWB\"><em>\u201eMobilit\u00e4t neu zu gestalten, bleibt eine gro\u00dfe Herausforderung mit Auswirkungen auf die Gesellschaft, das kirchliche Leben und jeden Einzelnen. \u00d6kologische und soziale Auswirkungen unserer Mobilit\u00e4t m\u00fcssen bedacht werden \u2013 regional ebenso wie in globalem Zusammenhang. Deshalb ist es dringend notwendig, dass wir als Kirchen die reale Begegnung von Menschen gestalten, neu und nachhaltig.\u201c<\/em><br \/>\n<strong><em>Klaus-Peter Koch, Umweltbeauftragter der Evangelischen Landeskirche in W\u00fcrttemberg.<\/em><\/strong><\/p>\n<p class=\"Standard-TextDNKLWB\">Die E-Autos von \u201eKirche elektrisiert\u201c sollen \u00fcber die Internetseite der Landeskirche von den Mitarbeitern selbst zu g\u00fcnstigen Konditionen geleast werden k\u00f6nnen, sofern sie \u00fcber eine dienstliche Anerkennung ihrer Privatfahrzeuge verf\u00fcgen.<\/p>\n<p class=\"Standard-TextDNKLWB\">Die Besch\u00e4ftigten k\u00f6nnen Ausstattung, Kilometerleistung und Laufzeit nach ihren Bed\u00fcrfnissen festlegen. Auch ans Aufladen der Elektrofahrzeuge ist gedacht: Entsprechende Angebote sind ebenfalls Bestandteil von \u201eKirche elektrisiert\u201c.<\/p>\n<p class=\"Standard-TextDNKLWB\">Zielgruppe des Projekts sind vor allem die Pfarrerinnen und Pfarrer in l\u00e4ndlichen Regionen, die auf dem Weg zu ihren Gemeindegliedern Jahr f\u00fcr Jahr Tausende von Kilometern zur\u00fccklegen m\u00fcssen. Doch auch in den St\u00e4dten k\u00f6nnen die kleinen Elektro-Flitzer unter Umst\u00e4nden Entlastungen bringen.<\/p>\n<p class=\"Standard-TextDNKLWB\"><em>\u201eViele Pfarrerinnen und Pfarrer sind \u2013 vor allem in derzeit gr\u00f6\u00dfer werdenden Gemeindegebieten \u2013 auf einen Zweitwagen angewiesen, um ihren Dienst ad\u00e4quat aus\u00fcben zu k\u00f6nnen. Der \u00d6PNV ist in den allermeisten F\u00e4llen leider keine hinreichende Alternative.\u201c<\/em><br \/>\n<strong><em>Fabian Keller, Ideengeber f\u00fcr \u201eKirche elektrisiert\u201c <\/em><\/strong><\/p>\n<p class=\"Standard-TextDNKLWB\">Mit dem Projekt k\u00f6nnen laut Initiator Fabian Keller gleich mehrere Ziele verfolgt werden: Das erschwingliche und zugleich umweltfreundliche Angebot zeige auch eine Wertsch\u00e4tzung f\u00fcr die kirchlichen Mitarbeiter und ihre Aufgaben. Dies f\u00f6rdert unter anderem die Attraktivit\u00e4t des Pfarrberufs.<\/p>\n<p class=\"Standard-TextDNKLWB\"><em>\u201eUnsere Landeskirche kann heute nicht mehr erwarten, dass Menschen ohne weiteres zu uns kommen. Wir m\u00fcssen auf sie zugehen und offen f\u00fcr ihre Ansprache dort sein, wo sie sich befinden. Dem soll das Projekt \u201eKirche elektrisiert\u201c dienen. Wenn die Leasingangebote breit angenommen werden, dann k\u00f6nnen Menschen schon von weitem sehen: Dort ist die Pfarrerin, dort ist der Pfarrer. Sie nehmen die Pr\u00e4senz von Kirche in anderer Weise wahr.\u201c<\/em><br \/>\n<strong><em>Dr. Winfried Klein, Projektverantwortlicher f\u00fcr \u201eKirche elektrisiert\u201c<\/em><\/strong><\/p>\n<p>Elektrisieren k\u00f6nne das Projekt dann, wenn es nicht nur dazu beitr\u00e4gt, dass die Diskussion \u00fcber den Sinn von Elektromobilit\u00e4t am konkreten Beispiel des Pfarrerautos gef\u00fchrt wird. Elektrisieren werde das Projekt vor allem dann, wenn Menschen sp\u00fcren, dass die Kirche trotz aller strukturellen und baulichen Ver\u00e4nderungen im Dorf bleibt \u2013 ansprechbar und erreichbar, unterstreicht der Projektverantwortliche<\/p>\n<p class=\"Standard-TextDNKLWB\"><em>\u201eWir wissen sehr wohl, dass E-Mobilit\u00e4t nicht das Allheilmittel bedeutet. Aber wir sind \u00fcberzeugt davon, dass sie in diesem Stadium einen wichtigen Beitrag zum Erreichen der Klimaziele leisten kann.\u201c<\/em><br \/>\n<strong><em>Stefan Werner, Direktor des Oberkirchenrats <\/em><\/strong><\/p>\n<p class=\"Standard-TextDNKLWB\">Die Landeskirche rechnet zun\u00e4chst mit rund 50 abgeschlossenen Vertr\u00e4gen pro Jahr. Doch die Zahlen k\u00f6nnten auch durchaus deutlich h\u00f6her liegen: Vor Umsetzung der Idee hatte die Landeskirche eine Umfrage unter ihren Besch\u00e4ftigten gestartet, die ein gro\u00dfes Interesse an Elektroautos und Pedelecs ergeben hatte.<\/p>\n<p class=\"Standard-TextDNKLWB\">Oliver Hoesch<br \/>\nSprecher der Landeskirche<\/p>\n<\/div>\n<p>[\/vc_column_text][\/vc_column][\/vc_row]<\/p>\n","protected":false},"excerpt":{"rendered":"<p>[vc_row][vc_column][vc_column_text text_larger=&#8220;no&#8220;] Menschen nachhaltig erreichen \u2013 Das Projekt \u201eKirche elektrisiert\u201c startet Pfarrerschaft und weitere Mitarbeiter der Landeskirche k\u00f6nnen Elektro-Kleinwagen und<\/p>\n","protected":false},"author":1,"featured_media":0,"comment_status":"closed","ping_status":"closed","sticky":false,"template":"","format":"standard","meta":{"footnotes":""},"categories":[21],"tags":[],"_links":{"self":[{"href":"https:\/\/krankenhauspfarramt.de\/index.php\/wp-json\/wp\/v2\/posts\/508"}],"collection":[{"href":"https:\/\/krankenhauspfarramt.de\/index.php\/wp-json\/wp\/v2\/posts"}],"about":[{"href":"https:\/\/krankenhauspfarramt.de\/index.php\/wp-json\/wp\/v2\/types\/post"}],"author":[{"embeddable":true,"href":"https:\/\/krankenhauspfarramt.de\/index.php\/wp-json\/wp\/v2\/users\/1"}],"replies":[{"embeddable":true,"href":"https:\/\/krankenhauspfarramt.de\/index.php\/wp-json\/wp\/v2\/comments?post=508"}],"version-history":[{"count":2,"href":"https:\/\/krankenhauspfarramt.de\/index.php\/wp-json\/wp\/v2\/posts\/508\/revisions"}],"predecessor-version":[{"id":522,"href":"https:\/\/krankenhauspfarramt.de\/index.php\/wp-json\/wp\/v2\/posts\/508\/revisions\/522"}],"wp:attachment":[{"href":"https:\/\/krankenhauspfarramt.de\/index.php\/wp-json\/wp\/v2\/media?parent=508"}],"wp:term":[{"taxonomy":"category","embeddable":true,"href":"https:\/\/krankenhauspfarramt.de\/index.php\/wp-json\/wp\/v2\/categories?post=508"},{"taxonomy":"post_tag","embeddable":true,"href":"https:\/\/krankenhauspfarramt.de\/index.php\/wp-json\/wp\/v2\/tags?post=508"}],"curies":[{"name":"wp","href":"https:\/\/api.w.org\/{rel}","templated":true}]}}