{"id":5080,"date":"2022-11-23T15:28:38","date_gmt":"2022-11-23T15:28:38","guid":{"rendered":"https:\/\/krankenhauspfarramt.de\/index.php\/2022\/11\/23\/macht-bricht-moral-ekd\/"},"modified":"2022-11-23T15:28:40","modified_gmt":"2022-11-23T15:28:40","slug":"macht-bricht-moral-ekd","status":"publish","type":"post","link":"https:\/\/krankenhauspfarramt.de\/index.php\/2022\/11\/23\/macht-bricht-moral-ekd\/","title":{"rendered":"Macht bricht Moral \u2013 EKD"},"content":{"rendered":"<p> <br \/>\n<\/p>\n<div>\n<p>\u201eDas fatale Signal ist: &#8218;Wir treten f\u00fcr ethische Werte ein &#8211; wenn es uns die Fifa erlaubt&#8217;\u201c, kritisierte Latzel: \u201eMacht bricht Moral.\u201c Gerade mit Blick auf die Funktion des Fu\u00dfballs, Werte an junge Menschen zu vermitteln, halte er das f\u00fcr desastr\u00f6s, sagte der Pr\u00e4ses der Evangelischen Kirche im Rheinland. Beim Weltfu\u00dfballverband Fifa brauche es dringend Ver\u00e4nderung, und die europ\u00e4ischen Verb\u00e4nde h\u00e4tten auch Macht dazu.<\/p>\n<p>Die Fifa hatte dem Deutschen Fu\u00dfball-Bund und anderen europ\u00e4ischen Verb\u00e4nden am Montag das Tragen der \u201eOne-Love\u201c-Kapit\u00e4nsbinde untersagt und nicht n\u00e4her ausgef\u00fchrte sportliche Strafen angedroht. Daraufhin verzichteten die Mannschaften auf das Tragen der Binde. Latzel kritisierte, dass die Fifa erst unmittelbar vor dem Spiel England gegen den Iran am Montag reagiert und dabei mit einer bewusst unklar formulierten Androhung gearbeitet habe.<\/p>\n<p>Die Spieler nahm der Sportbeauftragte im Gegensatz zu den Verb\u00e4nden in Schutz: \u201eDas sind meist junge Sportler, die ihr Leben lang trainieren und hier die oft einmalige Chance haben, bei einer WM zu spielen\u201c, sagte er. Es sei eine Schande, dass diese sportliche Dimension so korrumpiert werden. \u201eDie Verantwortung daf\u00fcr liegt bei der Fifa, die derart problematische Rahmenbedingungen schafft, nicht bei den Kritikern\u201c, unterstrich der leitende Theologe der rheinischen Kirche.<\/p>\n<p>Dankbar zeigte sich Latzel, dass in vielen Medien kritisch berichtet werde, f\u00fcgte aber hinzu: \u201eOb in dem \u00f6ffentlich-rechtlichen Rundfunk zuk\u00fcnftig weiter so extensiv \u00fcber solche Veranstaltungen berichtet werden sollte, sollte man sich in den Rundfunkr\u00e4ten sehr genau ansehen.\u201c<\/p>\n<p>Die \u201eOne-Love\u201c-Binde steht f\u00fcr Menschenrechte, Diversit\u00e4t und Frauenrechte sowie f\u00fcr den Kampf gegen Diskriminierung, Rassismus und Homophobie. Sie zeigt den Slogan \u201eOne Love\u201c und ein buntes Herz. Das WM-Ausrichterland Katar steht wegen der Verletzung der Rechte von Frauen, Homosexuellen und Arbeitsmigranten in der Kritik.<br \/>\u00a0<\/p>\n<\/p><\/div>\n","protected":false},"excerpt":{"rendered":"<p>\u201eDas fatale Signal ist: &#8218;Wir treten f\u00fcr ethische Werte ein &#8211; wenn es uns die Fifa erlaubt&#8217;\u201c, kritisierte Latzel: \u201eMacht<\/p>\n","protected":false},"author":1,"featured_media":5081,"comment_status":"closed","ping_status":"closed","sticky":false,"template":"","format":"standard","meta":{"footnotes":""},"categories":[20],"tags":[],"_links":{"self":[{"href":"https:\/\/krankenhauspfarramt.de\/index.php\/wp-json\/wp\/v2\/posts\/5080"}],"collection":[{"href":"https:\/\/krankenhauspfarramt.de\/index.php\/wp-json\/wp\/v2\/posts"}],"about":[{"href":"https:\/\/krankenhauspfarramt.de\/index.php\/wp-json\/wp\/v2\/types\/post"}],"author":[{"embeddable":true,"href":"https:\/\/krankenhauspfarramt.de\/index.php\/wp-json\/wp\/v2\/users\/1"}],"replies":[{"embeddable":true,"href":"https:\/\/krankenhauspfarramt.de\/index.php\/wp-json\/wp\/v2\/comments?post=5080"}],"version-history":[{"count":1,"href":"https:\/\/krankenhauspfarramt.de\/index.php\/wp-json\/wp\/v2\/posts\/5080\/revisions"}],"predecessor-version":[{"id":5082,"href":"https:\/\/krankenhauspfarramt.de\/index.php\/wp-json\/wp\/v2\/posts\/5080\/revisions\/5082"}],"wp:featuredmedia":[{"embeddable":true,"href":"https:\/\/krankenhauspfarramt.de\/index.php\/wp-json\/wp\/v2\/media\/5081"}],"wp:attachment":[{"href":"https:\/\/krankenhauspfarramt.de\/index.php\/wp-json\/wp\/v2\/media?parent=5080"}],"wp:term":[{"taxonomy":"category","embeddable":true,"href":"https:\/\/krankenhauspfarramt.de\/index.php\/wp-json\/wp\/v2\/categories?post=5080"},{"taxonomy":"post_tag","embeddable":true,"href":"https:\/\/krankenhauspfarramt.de\/index.php\/wp-json\/wp\/v2\/tags?post=5080"}],"curies":[{"name":"wp","href":"https:\/\/api.w.org\/{rel}","templated":true}]}}