{"id":5089,"date":"2022-11-24T17:11:09","date_gmt":"2022-11-24T17:11:09","guid":{"rendered":"https:\/\/krankenhauspfarramt.de\/index.php\/2022\/11\/24\/digitale-veranstaltungsreihe-zum-auftakt-der-neu-strukturierten-kammerarbeit-der-ekd-ekd\/"},"modified":"2022-11-24T17:11:12","modified_gmt":"2022-11-24T17:11:12","slug":"digitale-veranstaltungsreihe-zum-auftakt-der-neu-strukturierten-kammerarbeit-der-ekd-ekd","status":"publish","type":"post","link":"https:\/\/krankenhauspfarramt.de\/index.php\/2022\/11\/24\/digitale-veranstaltungsreihe-zum-auftakt-der-neu-strukturierten-kammerarbeit-der-ekd-ekd\/","title":{"rendered":"Digitale Veranstaltungsreihe zum Auftakt der neu strukturierten Kammerarbeit der EKD \u2013 EKD"},"content":{"rendered":"<p> <br \/>\n<\/p>\n<div id=\"\">\n<div class=\"article--meta article--meta__border clearfix\">\n<p>                                    <time datetime=\"24.11.2022 14:00\" class=\"article--time\">24.11.2022<\/time><\/p>\n<p>                                     <strong class=\"article--type primus--overline\">Pressemitteilung<\/strong><\/p>\n<picture class=\"article--source-image image\"><source srcset=\"https:\/\/www.ekd.de\/ekd_de\/ds_img\/assets\/20170622_ekd-Quellenlogo_141_rdax_423x118.png\"><!--<source srcset=\"\/ekd_de\/ds_img\/assets\/20170622_ekd-Quellenlogo_141_rdax_141x39.png 1x, \/ekd_de\/ds_img\/assets\/20170622_ekd-Quellenlogo_141_rdax_282x78.png 2x, https:\/\/www.ekd.de\/ekd_de\/ds_img\/assets\/20170622_ekd-Quellenlogo_141_rdax_423x118.png 3x\">--><\/p>\n<p>    <\/source><\/picture>\n<\/p><\/div>\n<h2 class=\"article--sub-headline primus--sub-headline\">Unter dem Motto #teilenverbindet startet am Montag das erste EKD-Sozialforum<\/h2>\n<\/p><\/div>\n<div id=\"\">\n<p class=\"EKDFlietext\"><span style=\"background:white\"><span style=\"line-height:14pt\">Mit einer digitalen Veranstaltungsreihe startet die Evangelische Kirche in Deutschland (EKD) in ein neues Zeitalter ihrer Kammerarbeit. Beim ersten \u201eEKD-Sozialforum\u201c diskutieren Vertreter*innen aus Kirche und Diakonie, Theologie und Wissenschaft, Politik und Verb\u00e4nden \u00fcber Fragen der sozialen Gerechtigkeit. Ab dem 28. November k\u00f6nnen sich Interessierte an f\u00fcnf aufeinanderfolgenden Tagen an den Beratungen zu den Themen gesellschaftlicher Frieden, Gerechtigkeit, Familie, Inklusion und Marktwirtschaft beteiligen. Das Forum steht unter dem Motto #teilenverbindet.<\/span><\/span><\/p>\n<p class=\"EKDAdressdaten\">F\u00fcr die Vorsitzende des Rates der EKD, Pr\u00e4ses Annette Kurschus, verkn\u00fcpfen sich mit diesen Themenfeldern existentielle Sorgen und N\u00f6te vieler Menschen: \u201eWenn das Geld am Ende des Monats knapp wird, weil die Preise immer weiter steigen, oder Eltern nicht mehr wissen, wie sie die Klassenfahrt ihres Kindes bezahlen sollen, dann steht nicht weniger als das gerechte Miteinander im Alltag auf dem Spiel\u201c, so Kurschus. Teilen sei l\u00e4ngst keine Selbstverst\u00e4ndlichkeit mehr. Wer allein auf das eigene Auskommen blicke, f\u00fcr den sei Teilen ein Verlustgesch\u00e4ft. \u201eDie biblische Tradition zeigt hingegen, dass das Teilen sowohl f\u00fcr Empf\u00e4nger als auch Teilende zum Zugewinn werden kann\u201c, so Kurschus. \u201eWer nicht zuerst auf den Mangel blickt, sondern darauf, was da ist, dem sind auch Solidarit\u00e4t und pers\u00f6nliches Engagement m\u00f6glich\u201c, so Kurschus im Vorfeld der Veranstaltung.<\/p>\n<p class=\"EKDAdressdaten\">Das EKD-Sozialforum bildet den Auftakt f\u00fcr die neu strukturierte Kammerarbeit der EKD, die nunmehr als Expert*innen-Netzwerk organisiert ist. In dem Netzwerk sind 70\u00a0durch den Rat der EKD berufene Expert*innen aus Wissenschaft, Politik, Kultur und anderen gesellschaftlichen Bereichen miteinander verbunden. Sie sollen die EKD dabei unterst\u00fctzen, Texte und Positionen im Dialog mit der Gesellschaft zu erarbeiten. \u201eAus den zuvor als Kammern organisierten \u201aDenkfabriken\u2019 werden somit kontinuierliche, in einem \u00fcbergreifenden Kammernetzwerk stattfindende Denkprozesse, die an unterschiedlichen Stellen \u00f6ffentlich sichtbar werden und zur Beteiligung einladen\u201c, so der Vizepr\u00e4sident des Kirchenamtes der EKD, Horst Gorski. \u201eIn dem EKD-Sozialforum sollen sozialpolitische Themen, die im Kammernetzwerk bearbeitet werden, von nun an einmal im Jahr als \u201aProzess-Meilenstein\u2018 geb\u00fcndelt und nach au\u00dfen sichtbar gemacht werden\u201c, so Gorski.<\/p>\n<p class=\"EKDAdressdaten\">\u00a0Weitere Informationen zum Kammernetzwerk der EKD sind unter www.ekd.de\/kammerarbeit abrufbar.<\/p>\n<p class=\"EKDAdressdaten\">Die Anmeldung zu den Veranstaltungen zum 1. EKD Sozialforum ist unter www.ekd-sozialforum.de m\u00f6glich.<\/p>\n<p class=\"EKDAdressdaten\">Hannover, 24. November 2022<\/p>\n<p class=\"EKDAdressdaten\">Pressestelle der EKD<br \/>Carsten Splitt<\/p>\n<\/div>\n","protected":false},"excerpt":{"rendered":"<p>24.11.2022 Pressemitteilung Unter dem Motto #teilenverbindet startet am Montag das erste EKD-Sozialforum Mit einer digitalen Veranstaltungsreihe startet die Evangelische Kirche<\/p>\n","protected":false},"author":1,"featured_media":569,"comment_status":"closed","ping_status":"closed","sticky":false,"template":"","format":"standard","meta":{"footnotes":""},"categories":[20],"tags":[],"_links":{"self":[{"href":"https:\/\/krankenhauspfarramt.de\/index.php\/wp-json\/wp\/v2\/posts\/5089"}],"collection":[{"href":"https:\/\/krankenhauspfarramt.de\/index.php\/wp-json\/wp\/v2\/posts"}],"about":[{"href":"https:\/\/krankenhauspfarramt.de\/index.php\/wp-json\/wp\/v2\/types\/post"}],"author":[{"embeddable":true,"href":"https:\/\/krankenhauspfarramt.de\/index.php\/wp-json\/wp\/v2\/users\/1"}],"replies":[{"embeddable":true,"href":"https:\/\/krankenhauspfarramt.de\/index.php\/wp-json\/wp\/v2\/comments?post=5089"}],"version-history":[{"count":1,"href":"https:\/\/krankenhauspfarramt.de\/index.php\/wp-json\/wp\/v2\/posts\/5089\/revisions"}],"predecessor-version":[{"id":5090,"href":"https:\/\/krankenhauspfarramt.de\/index.php\/wp-json\/wp\/v2\/posts\/5089\/revisions\/5090"}],"wp:featuredmedia":[{"embeddable":true,"href":"https:\/\/krankenhauspfarramt.de\/index.php\/wp-json\/wp\/v2\/media\/569"}],"wp:attachment":[{"href":"https:\/\/krankenhauspfarramt.de\/index.php\/wp-json\/wp\/v2\/media?parent=5089"}],"wp:term":[{"taxonomy":"category","embeddable":true,"href":"https:\/\/krankenhauspfarramt.de\/index.php\/wp-json\/wp\/v2\/categories?post=5089"},{"taxonomy":"post_tag","embeddable":true,"href":"https:\/\/krankenhauspfarramt.de\/index.php\/wp-json\/wp\/v2\/tags?post=5089"}],"curies":[{"name":"wp","href":"https:\/\/api.w.org\/{rel}","templated":true}]}}