{"id":5118,"date":"2022-12-05T16:17:01","date_gmt":"2022-12-05T16:17:01","guid":{"rendered":"https:\/\/krankenhauspfarramt.de\/index.php\/2022\/12\/05\/fuer-die-seele-sorgen-gehoert-zur-humanitaeren-hilfe-dazu-ekd\/"},"modified":"2022-12-05T16:17:02","modified_gmt":"2022-12-05T16:17:02","slug":"fuer-die-seele-sorgen-gehoert-zur-humanitaeren-hilfe-dazu-ekd","status":"publish","type":"post","link":"https:\/\/krankenhauspfarramt.de\/index.php\/2022\/12\/05\/fuer-die-seele-sorgen-gehoert-zur-humanitaeren-hilfe-dazu-ekd\/","title":{"rendered":"\u201eF\u00fcr die Seele sorgen geh\u00f6rt zur humanit\u00e4ren Hilfe dazu\u201c \u2013 EKD"},"content":{"rendered":"<p> <br \/>\n<\/p>\n<div id=\"\">\n<div class=\"article--meta article--meta__border clearfix\">\n<p>                                    <time datetime=\"05.12.2022 14:00\" class=\"article--time\">05.12.2022<\/time><\/p>\n<p>                                     <strong class=\"article--type primus--overline\">Pressemitteilung<\/strong><\/p>\n<picture class=\"article--source-image image\"><source srcset=\"https:\/\/www.ekd.de\/ekd_de\/ds_img\/assets\/20170622_ekd-Quellenlogo_141_rdax_423x118.png\"><!--<source srcset=\"\/ekd_de\/ds_img\/assets\/20170622_ekd-Quellenlogo_141_rdax_141x39.png 1x, \/ekd_de\/ds_img\/assets\/20170622_ekd-Quellenlogo_141_rdax_282x78.png 2x, https:\/\/www.ekd.de\/ekd_de\/ds_img\/assets\/20170622_ekd-Quellenlogo_141_rdax_423x118.png 3x\">--><\/p>\n<p>    <\/source><\/picture>\n<\/p><\/div>\n<h2 class=\"article--sub-headline primus--sub-headline\">Gro\u00dfe Nachfrage nach EKD-Gebetsangebot f\u00fcr ukrainische Gefl\u00fcchtete\/ Bereits mehr als 150.000 Gebetskarten verteilt<\/h2>\n<\/p><\/div>\n<div id=\"\">\n<p>Das Gebetsangebot der Evangelischen Kirche in Deutschland (EKD) f\u00fcr ukrainische Gefl\u00fcchtete wird stark nachgefragt. Mehr als 150.000 Gebete im handlichen Postkartenformat wurden in den vergangenen Wochen bestellt.<\/p>\n<p>Christian St\u00e4blein, Bischof der Evangelischen Kirche Berlin-Brandenburg-schlesische Oberlausitz (EKBO) und EKD-Fl\u00fcchtlingsbeauftragter, ist beeindruckt: \u201eMit dieser enormen Nachfrage habe ich nicht gerechnet: Mehr als 150.000 Gebetskarten f\u00fcr ukrainische Gefl\u00fcchtete wurden in den vergangenen Wochen bestellt. Das zeigt, wie wichtig neben aller praktischen Unterst\u00fctzung f\u00fcr Gefl\u00fcchtete auch die spirituelle St\u00e4rkung ist. Geistliches Begleiten, f\u00fcr die Seele sorgen, geh\u00f6rt zur humanit\u00e4ren Hilfe unbedingt dazu.\u201c Gebete k\u00f6nnten zwar das furchtbare Leid nicht lindern, das Russlands Angriffskrieg Tag f\u00fcr Tag \u00fcber die Ukraine und ihre Bev\u00f6lkerung bringt, so St\u00e4blein. \u201eDoch Gebete k\u00f6nnen Trost spenden und helfen, bei aller Sprachlosigkeit, Worte zu finden. Die Menschen auf der Flucht und die, die bei uns ankommen, sollen wissen, dass sie nicht verlassen sind, nicht von Gott und nicht von anderen Menschen. Das Gebet begleitet das Grundlegendste, das wir miteinander teilen: Gemeinschaft und Hoffnung und Brot. Insofern bedeutet Beten immer auch Trost, Ver\u00e4nderung, Kraft. Ich bin sicher, dass die Menschen das sp\u00fcren.\u201c<\/p>\n<p>Vor allem evangelische Kirchengemeinden, aber auch evangelische Schulen, Krankenh\u00e4user, diakonische Einrichtungen, au\u00dferkirchliche Fl\u00fcchtlingsinitiativen und ukrainische Diaspora-Gruppen nutzen das kostenfreie Angebot und bestellen die Gebetskarten, um sie zu verteilen oder in Gottesdiensten zu nutzen. Bischof Christian St\u00e4blein: \u201eEs ber\u00fchrt mich, dass vielerorts die zweisprachigen Gebete gemeinsam mit anderen Menschen gebetet werden, in Gemeindegruppen oder im Gottesdienst.\u201c Er hoffe, dass die Gebets-Postkarten weiterhin in Kirchen und an m\u00f6glichst vielen anderen Orten pers\u00f6nlich weitergegeben oder ausgelegt w\u00fcrden.<\/p>\n<p>Mit den fortgesetzten russischen Luftangriffen auf die zivile Infrastruktur der W\u00e4rme-, Strom und Wasserversorgung w\u00e4chst die Not in der Ukraine. \u201eWir sehen, wie das russische Regime die Winterk\u00e4lte in furchtbarer Weise als Waffe einsetzt\u201c, so St\u00e4blein. \u201eOhne Strom, Wasser, Heizung beginnt jetzt im Winter f\u00fcr Millionen Ukrainerinnen und Ukrainer noch auf zus\u00e4tzliche Weise ein Kampf ums \u00dcberleben. Viele Menschen in der Ukraine stehen vor der Frage, wie lange sie noch durchhalten k\u00f6nnen und wann sie wom\u00f6glich erneut fliehen m\u00fcssen, um ihr Leben zu retten.\u201c Die ukrainische Zivilgesellschaft braucht dringend die Unterst\u00fctzung der internationalen Staatengemeinschaft, insbesondere bei der Instandsetzung der zerst\u00f6rten Kraftwerke, wie auch durch Generatoren, K\u00e4lteschutz und humanit\u00e4re Hilfe.\u201c<\/p>\n<p>Die Gebetskarten f\u00fcr ukrainische Gefl\u00fcchtete sind online abrufbar unter\u00a0www.ekd.de\/gebetskarten-ukraine und k\u00f6nnen kostenfrei \u2013 auch in gr\u00f6\u00dferer St\u00fcckzahl \u2013 per E-Mail an menschenrechte@ekd.de bestellt werden.\u00a0<\/p>\n<p>Hannover, 5. Dezember 2022<\/p>\n<p>Pressestelle der EKD<br \/>Carsten Splitt<br \/>\u00a0<\/p>\n<\/div>\n","protected":false},"excerpt":{"rendered":"<p>05.12.2022 Pressemitteilung Gro\u00dfe Nachfrage nach EKD-Gebetsangebot f\u00fcr ukrainische Gefl\u00fcchtete\/ Bereits mehr als 150.000 Gebetskarten verteilt Das Gebetsangebot der Evangelischen Kirche<\/p>\n","protected":false},"author":1,"featured_media":569,"comment_status":"closed","ping_status":"closed","sticky":false,"template":"","format":"standard","meta":{"footnotes":""},"categories":[20],"tags":[],"_links":{"self":[{"href":"https:\/\/krankenhauspfarramt.de\/index.php\/wp-json\/wp\/v2\/posts\/5118"}],"collection":[{"href":"https:\/\/krankenhauspfarramt.de\/index.php\/wp-json\/wp\/v2\/posts"}],"about":[{"href":"https:\/\/krankenhauspfarramt.de\/index.php\/wp-json\/wp\/v2\/types\/post"}],"author":[{"embeddable":true,"href":"https:\/\/krankenhauspfarramt.de\/index.php\/wp-json\/wp\/v2\/users\/1"}],"replies":[{"embeddable":true,"href":"https:\/\/krankenhauspfarramt.de\/index.php\/wp-json\/wp\/v2\/comments?post=5118"}],"version-history":[{"count":1,"href":"https:\/\/krankenhauspfarramt.de\/index.php\/wp-json\/wp\/v2\/posts\/5118\/revisions"}],"predecessor-version":[{"id":5119,"href":"https:\/\/krankenhauspfarramt.de\/index.php\/wp-json\/wp\/v2\/posts\/5118\/revisions\/5119"}],"wp:featuredmedia":[{"embeddable":true,"href":"https:\/\/krankenhauspfarramt.de\/index.php\/wp-json\/wp\/v2\/media\/569"}],"wp:attachment":[{"href":"https:\/\/krankenhauspfarramt.de\/index.php\/wp-json\/wp\/v2\/media?parent=5118"}],"wp:term":[{"taxonomy":"category","embeddable":true,"href":"https:\/\/krankenhauspfarramt.de\/index.php\/wp-json\/wp\/v2\/categories?post=5118"},{"taxonomy":"post_tag","embeddable":true,"href":"https:\/\/krankenhauspfarramt.de\/index.php\/wp-json\/wp\/v2\/tags?post=5118"}],"curies":[{"name":"wp","href":"https:\/\/api.w.org\/{rel}","templated":true}]}}