{"id":5120,"date":"2022-12-07T13:32:43","date_gmt":"2022-12-07T13:32:43","guid":{"rendered":"https:\/\/krankenhauspfarramt.de\/index.php\/2022\/12\/07\/waermewinter-es-ist-so-wichtig-menschen-die-tuer-zu-oeffnen-ekd\/"},"modified":"2022-12-07T13:32:46","modified_gmt":"2022-12-07T13:32:46","slug":"waermewinter-es-ist-so-wichtig-menschen-die-tuer-zu-oeffnen-ekd","status":"publish","type":"post","link":"https:\/\/krankenhauspfarramt.de\/index.php\/2022\/12\/07\/waermewinter-es-ist-so-wichtig-menschen-die-tuer-zu-oeffnen-ekd\/","title":{"rendered":"#w\u00e4rmewinter \u2014 \u201eEs ist so wichtig, Menschen die T\u00fcr zu \u00f6ffnen\u201c \u2013 EKD"},"content":{"rendered":"<p> <br \/>\n<\/p>\n<div>\n<p>Im Winter fehle ohnehin ein Treffpunkt in Elze, sagt Schwarz. Und so machen seine Frau und er kurzerhand den adventlich geschm\u00fcckten Gemeindesaal dazu: An einem Tisch schneiden Kinder unter Anleitung Nadelholz-Zweige klein und basteln mit gr\u00fcnem Floristenschaum und Hei\u00dfkleber Gestecke, zwei Tische weiter spielen der Pastor, zwei Jugendliche und \u00e4ltere G\u00e4ste Karten. \u00dcberall wird geredet, gegessen, gelacht &#8211; der durchaus enge Raum vibriert f\u00f6rmlich.<\/p>\n<p>So unterschiedlich die lokalen Angebote sind &#8211; die Finanzierung der W\u00e4rmewinter-Aktivit\u00e4ten ist \u00fcberall ein Ergebnis der sogenannten Energiepreispauschale des Bundes. Die im Herbst bundesweit gezahlte Pauschale hatte den Kirchen zus\u00e4tzliche Millionen-Einnahmen erm\u00f6glicht, die diese nach eigenen Angaben an Bed\u00fcrftige weitergeben. F\u00fcnf Millionen Euro etwa hat die Landeskirche Hannovers zus\u00e4tzlich eingenommen. \u201eDie H\u00e4lfte des Geldes ist bereits an die Kirchenkreise ausgezahlt worden\u201c, sagt Sprecher Benjamin Simon-Hinkelmann. \u201eDie andere H\u00e4lfte folgt Anfang 2023.\u201c<\/p>\n<p>Die Landeskirche Braunschweig hat 740.000 Euro eingenommen, in Oldenburg sind es 690.000 Euro &#8211; in beiden F\u00e4llen haben die Synoden im November die vollst\u00e4ndige Verwendung des Geldes f\u00fcr karitative Zwecke vor Ort beschlossen. Das Diakonische Werk der Evangelisch-reformierten Kirche schlie\u00dflich sch\u00fcttet \u00fcber einen Krisenfonds in diesem und dem n\u00e4chsten Jahr jeweils 150.000 Euro aus, die Gemeinden beantragen k\u00f6nnen. \u201eWir m\u00f6chten, dass dieser Winter f\u00fcr m\u00f6glichst viele Menschen ein W\u00e4rmewinter wird\u201c, sagt Diakoniepastor Thomas Fender.<\/p>\n<p>Im Elzer Gemeindehaus sitzt Gisela Bethge an einem Fensterplatz, auch vor ihr steht ein Teller Suppe. Zum Essen kommt die Ehrenamtliche kaum &#8211; denn ihr gegen\u00fcber sitzen eine Frau mit Kopftuch, ihr Mann und zwei Kinder. Die Familie aus einer ehemaligen Sowjetrepublik ist erst seit wenigen Wochen in Deutschland, und Bethge, die ausgebildete Integrationslotsin ist, beantwortet geduldig und mit leiser Stimme die Fragen der Eltern. Die Beratung, etwa zu Antr\u00e4gen, sei wichtig, sagt Bethge, die seit Jahren beim lokalen Fl\u00fcchtlingskreis dabei ist. Das Angebot am Freitagabend gebe dieser Unterst\u00fctzung einen Ort: \u201eLetzte Woche war eine Frau aus Afghanistan hier. Die hat beim Suppenessen \u00fcberhaupt erst ihre deutsche Nachbarin kennengelernt, die im Haus nebenan wohnt.\u201c<\/p>\n<p class=\"md-authorline\" style=\"margin-left:0cm; margin-right:0cm; text-align:right\"><em>Alexander Nortrup (epd)<\/em><\/p>\n<\/p><\/div>\n","protected":false},"excerpt":{"rendered":"<p>Im Winter fehle ohnehin ein Treffpunkt in Elze, sagt Schwarz. Und so machen seine Frau und er kurzerhand den adventlich<\/p>\n","protected":false},"author":1,"featured_media":5121,"comment_status":"closed","ping_status":"closed","sticky":false,"template":"","format":"standard","meta":{"footnotes":""},"categories":[20],"tags":[],"_links":{"self":[{"href":"https:\/\/krankenhauspfarramt.de\/index.php\/wp-json\/wp\/v2\/posts\/5120"}],"collection":[{"href":"https:\/\/krankenhauspfarramt.de\/index.php\/wp-json\/wp\/v2\/posts"}],"about":[{"href":"https:\/\/krankenhauspfarramt.de\/index.php\/wp-json\/wp\/v2\/types\/post"}],"author":[{"embeddable":true,"href":"https:\/\/krankenhauspfarramt.de\/index.php\/wp-json\/wp\/v2\/users\/1"}],"replies":[{"embeddable":true,"href":"https:\/\/krankenhauspfarramt.de\/index.php\/wp-json\/wp\/v2\/comments?post=5120"}],"version-history":[{"count":1,"href":"https:\/\/krankenhauspfarramt.de\/index.php\/wp-json\/wp\/v2\/posts\/5120\/revisions"}],"predecessor-version":[{"id":5122,"href":"https:\/\/krankenhauspfarramt.de\/index.php\/wp-json\/wp\/v2\/posts\/5120\/revisions\/5122"}],"wp:featuredmedia":[{"embeddable":true,"href":"https:\/\/krankenhauspfarramt.de\/index.php\/wp-json\/wp\/v2\/media\/5121"}],"wp:attachment":[{"href":"https:\/\/krankenhauspfarramt.de\/index.php\/wp-json\/wp\/v2\/media?parent=5120"}],"wp:term":[{"taxonomy":"category","embeddable":true,"href":"https:\/\/krankenhauspfarramt.de\/index.php\/wp-json\/wp\/v2\/categories?post=5120"},{"taxonomy":"post_tag","embeddable":true,"href":"https:\/\/krankenhauspfarramt.de\/index.php\/wp-json\/wp\/v2\/tags?post=5120"}],"curies":[{"name":"wp","href":"https:\/\/api.w.org\/{rel}","templated":true}]}}