{"id":5129,"date":"2022-12-09T18:15:37","date_gmt":"2022-12-09T18:15:37","guid":{"rendered":"https:\/\/krankenhauspfarramt.de\/index.php\/2022\/12\/09\/zdf-spendengala-sammelt-rekordsumme-fuer-kirchliche-hilfswerke-ekd\/"},"modified":"2022-12-09T18:15:39","modified_gmt":"2022-12-09T18:15:39","slug":"zdf-spendengala-sammelt-rekordsumme-fuer-kirchliche-hilfswerke-ekd","status":"publish","type":"post","link":"https:\/\/krankenhauspfarramt.de\/index.php\/2022\/12\/09\/zdf-spendengala-sammelt-rekordsumme-fuer-kirchliche-hilfswerke-ekd\/","title":{"rendered":"ZDF-Spendengala sammelt Rekordsumme f\u00fcr kirchliche Hilfswerke \u2013 EKD"},"content":{"rendered":"<p> <br \/>\n<\/p>\n<div>\n<p>Die Pr\u00e4sidentin von \u201eBrot f\u00fcr die Welt\u201c, Dagmar Pruin, und Misereor-Hauptgesch\u00e4ftsf\u00fchrer Pirmin Spiegel dankten den Spendern sowie allen Mitwirkenden der Gala. In Zeiten vieler globaler Krisen und hoher Inflation sei es besonders wichtig, benachteiligten Menschen neue Hoffnung und Zukunftsperspektiven zu schenken.<\/p>\n<p>Pruin erinnerte daran, dass die Zahl der Menschen, die akut Hunger leiden, weltweit auf \u00fcber 828 Millionen gestiegen sei. \u201eDie Ern\u00e4hrungsfrage und die Klimakrise sind nach wie vor dr\u00e4ngende Themen.\u201c Spiegel schilderte Eindr\u00fccke von seiner Reise zu Fl\u00fcchtlingscamps im S\u00fcdosten Bangladeschs, in denen aus Myanmar vertriebene Rohingya unter schwierigsten Bedingungen leben: \u201eDer Winter steht bevor, Matratzen zum Schlafen sind aufgebraucht, Kleider fehlen.\u201c<\/p>\n<\/p><\/div>\n","protected":false},"excerpt":{"rendered":"<p>Die Pr\u00e4sidentin von \u201eBrot f\u00fcr die Welt\u201c, Dagmar Pruin, und Misereor-Hauptgesch\u00e4ftsf\u00fchrer Pirmin Spiegel dankten den Spendern sowie allen Mitwirkenden der<\/p>\n","protected":false},"author":1,"featured_media":2552,"comment_status":"closed","ping_status":"closed","sticky":false,"template":"","format":"standard","meta":{"footnotes":""},"categories":[20],"tags":[],"_links":{"self":[{"href":"https:\/\/krankenhauspfarramt.de\/index.php\/wp-json\/wp\/v2\/posts\/5129"}],"collection":[{"href":"https:\/\/krankenhauspfarramt.de\/index.php\/wp-json\/wp\/v2\/posts"}],"about":[{"href":"https:\/\/krankenhauspfarramt.de\/index.php\/wp-json\/wp\/v2\/types\/post"}],"author":[{"embeddable":true,"href":"https:\/\/krankenhauspfarramt.de\/index.php\/wp-json\/wp\/v2\/users\/1"}],"replies":[{"embeddable":true,"href":"https:\/\/krankenhauspfarramt.de\/index.php\/wp-json\/wp\/v2\/comments?post=5129"}],"version-history":[{"count":1,"href":"https:\/\/krankenhauspfarramt.de\/index.php\/wp-json\/wp\/v2\/posts\/5129\/revisions"}],"predecessor-version":[{"id":5130,"href":"https:\/\/krankenhauspfarramt.de\/index.php\/wp-json\/wp\/v2\/posts\/5129\/revisions\/5130"}],"wp:featuredmedia":[{"embeddable":true,"href":"https:\/\/krankenhauspfarramt.de\/index.php\/wp-json\/wp\/v2\/media\/2552"}],"wp:attachment":[{"href":"https:\/\/krankenhauspfarramt.de\/index.php\/wp-json\/wp\/v2\/media?parent=5129"}],"wp:term":[{"taxonomy":"category","embeddable":true,"href":"https:\/\/krankenhauspfarramt.de\/index.php\/wp-json\/wp\/v2\/categories?post=5129"},{"taxonomy":"post_tag","embeddable":true,"href":"https:\/\/krankenhauspfarramt.de\/index.php\/wp-json\/wp\/v2\/tags?post=5129"}],"curies":[{"name":"wp","href":"https:\/\/api.w.org\/{rel}","templated":true}]}}